{"id":91850,"date":"2019-12-11T20:53:14","date_gmt":"2019-12-11T23:53:14","guid":{"rendered":"http:\/\/www.elsindical.com.ar\/notas\/?p=91850"},"modified":"2019-12-11T23:38:46","modified_gmt":"2019-12-12T02:38:46","slug":"la-comunidad-educativa-de-la-ort-abrazo-a-lxs-docentes-despedidxs","status":"publish","type":"post","link":"https:\/\/www.elsindical.com.ar\/notas\/la-comunidad-educativa-de-la-ort-abrazo-a-lxs-docentes-despedidxs\/","title":{"rendered":"La Comunidad Educativa de la ORT abraz\u00f3 a lxs docentes despedidxs"},"content":{"rendered":"\n<figure class=\"wp-block-image size-large\"><img loading=\"lazy\" decoding=\"async\" width=\"750\" height=\"221\" src=\"http:\/\/www.elsindical.com.ar\/notas\/var\/www\/html\/notas\/wp-content\/uploads\/2019\/12\/whatsapp-image-2019-12-11-at-20.03.06.jpeg\" alt=\"\" class=\"wp-image-91851\" srcset=\"https:\/\/www.elsindical.com.ar\/notas\/var\/www\/html\/notas\/wp-content\/uploads\/2019\/12\/whatsapp-image-2019-12-11-at-20.03.06.jpeg 750w, https:\/\/www.elsindical.com.ar\/notas\/var\/www\/html\/notas\/wp-content\/uploads\/2019\/12\/whatsapp-image-2019-12-11-at-20.03.06-300x88.jpeg 300w, https:\/\/www.elsindical.com.ar\/notas\/var\/www\/html\/notas\/wp-content\/uploads\/2019\/12\/whatsapp-image-2019-12-11-at-20.03.06-500x147.jpeg 500w\" sizes=\"auto, (max-width: 750px) 100vw, 750px\" \/><\/figure>\n\n\n\n<p>La\n Uni\u00f3n de Trabajadores de la Educaci\u00f3n particip\u00f3 hoy del Abrazo a la \nEscuela ORT organizado por lxs delegadxs de esa instituci\u00f3n. En la \nJornada, que cont\u00f3 con el apoyo de familias, estudiantes, graduados y \ncentenares de dirigentes pol\u00edticos y sociales, lxs despedidxs leyeron un\n texto en el que agradecieron la solidaridad y exigieron su \nreincorporaci\u00f3n. Si bien los representantes legales de la escuela no \nquieren manifestar los motivos de los despidos, las causas obedecen a \nuna persecuci\u00f3n pedag\u00f3gica y sindical. Por un lado, lxs docentes \ncesanteados han realizado reclamos gremiales vinculados a sus salarios y\n derechos laborales, por otro, han planteado la aplicaci\u00f3n de la \nEducaci\u00f3n Sexual Integral (ESI) y del Protocolo ante casos de violencia \nde g\u00e9nero. Seg\u00fan expresaron quienes hicieron uso de la palabra, es esto \nlo que molesta a las autoridades de la ORT. Sin embargo, en los \npostulados de la escuela figura claramente la adopci\u00f3n de principios \neducativos de respeto a la diversidad, a la democracia y al pluralismo y\n los Derechos Humanos. Por lo tanto, lxs docentes perseguidxs est\u00e1n \nactuando de acuerdo a valores institucionales de la ORT y del Sistema \nEducativo P\u00fablico, sea de Gesti\u00f3n Estatal o Privada. <br>Frente a una \nmultitud que abrazaba la sede de Almagro de este complejo educativo, el \nsecretario General de UTE, Eduardo L\u00f3pez, ley\u00f3 estos principios \npedag\u00f3gicos y diferenci\u00f3 a los representantes institucionales y \napoderados de la escuela de su comunidad educativa: mientras los \nprimeros echan a estos docentes, la comunidad los reconoce y defiende. \nEn las veredas de Yatay y Bartolom\u00e9 Mitre las alumnas y los alumnos \nrodeaban a maestras y maestros expres\u00e1ndole su cari\u00f1o. <br>El grito \nun\u00e1nime de lxs presentes exigi\u00f3 la inmediata reincorporaci\u00f3n de este \ngrupo docente comprometido con el derecho social a la educaci\u00f3n.<\/p>\n\n\n\n<p> Buenos Aires, mi\u00e9rcoles 11 de diciembre de 2019.<\/p>\n\n\n\n<p>Eduardo L\u00f3pez &#8211; Secretario General UTE &#8211; CTERA<\/p>\n\n\n\n<p>Mariano Denegris &#8211; Secretario de Comunicaci\u00f3n UTE &#8211; CTERA\u00a0<\/p>\n\n\n\n<figure class=\"wp-block-image size-large\"><img loading=\"lazy\" decoding=\"async\" width=\"750\" height=\"500\" src=\"http:\/\/www.elsindical.com.ar\/notas\/var\/www\/html\/notas\/wp-content\/uploads\/2019\/12\/whatsapp-image-2019-12-11-at-20.02.48.jpeg\" alt=\"\" class=\"wp-image-91852\" srcset=\"https:\/\/www.elsindical.com.ar\/notas\/var\/www\/html\/notas\/wp-content\/uploads\/2019\/12\/whatsapp-image-2019-12-11-at-20.02.48.jpeg 750w, https:\/\/www.elsindical.com.ar\/notas\/var\/www\/html\/notas\/wp-content\/uploads\/2019\/12\/whatsapp-image-2019-12-11-at-20.02.48-300x200.jpeg 300w, https:\/\/www.elsindical.com.ar\/notas\/var\/www\/html\/notas\/wp-content\/uploads\/2019\/12\/whatsapp-image-2019-12-11-at-20.02.48-450x300.jpeg 450w\" sizes=\"auto, (max-width: 750px) 100vw, 750px\" \/><\/figure>\n","protected":false},"excerpt":{"rendered":"<p>La Uni\u00f3n de Trabajadores de la Educaci\u00f3n particip\u00f3 hoy del Abrazo a la Escuela ORT organizado por lxs delegadxs de esa instituci\u00f3n. En la Jornada, que cont\u00f3 con el apoyo de familias, estudiantes, graduados y centenares de dirigentes pol\u00edticos y sociales, lxs despedidxs leyeron un texto en el que agradecieron la solidaridad y exigieron su&hellip;<\/p>\n","protected":false},"author":1,"featured_media":91851,"comment_status":"open","ping_status":"open","sticky":false,"template":"","format":"standard","meta":{"footnotes":""},"categories":[16],"tags":[2719,30833,10783,777],"class_list":["post-91850","post","type-post","status-publish","format-standard","has-post-thumbnail","hentry","category-gremiales","tag-ctera","tag-esi","tag-ort","tag-ute"],"_links":{"self":[{"href":"https:\/\/www.elsindical.com.ar\/notas\/wp-json\/wp\/v2\/posts\/91850","targetHints":{"allow":["GET"]}}],"collection":[{"href":"https:\/\/www.elsindical.com.ar\/notas\/wp-json\/wp\/v2\/posts"}],"about":[{"href":"https:\/\/www.elsindical.com.ar\/notas\/wp-json\/wp\/v2\/types\/post"}],"author":[{"embeddable":true,"href":"https:\/\/www.elsindical.com.ar\/notas\/wp-json\/wp\/v2\/users\/1"}],"replies":[{"embeddable":true,"href":"https:\/\/www.elsindical.com.ar\/notas\/wp-json\/wp\/v2\/comments?post=91850"}],"version-history":[{"count":1,"href":"https:\/\/www.elsindical.com.ar\/notas\/wp-json\/wp\/v2\/posts\/91850\/revisions"}],"predecessor-version":[{"id":91853,"href":"https:\/\/www.elsindical.com.ar\/notas\/wp-json\/wp\/v2\/posts\/91850\/revisions\/91853"}],"wp:featuredmedia":[{"embeddable":true,"href":"https:\/\/www.elsindical.com.ar\/notas\/wp-json\/wp\/v2\/media\/91851"}],"wp:attachment":[{"href":"https:\/\/www.elsindical.com.ar\/notas\/wp-json\/wp\/v2\/media?parent=91850"}],"wp:term":[{"taxonomy":"category","embeddable":true,"href":"https:\/\/www.elsindical.com.ar\/notas\/wp-json\/wp\/v2\/categories?post=91850"},{"taxonomy":"post_tag","embeddable":true,"href":"https:\/\/www.elsindical.com.ar\/notas\/wp-json\/wp\/v2\/tags?post=91850"}],"curies":[{"name":"wp","href":"https:\/\/api.w.org\/{rel}","templated":true}]}}