{"id":91810,"date":"2019-12-10T16:17:24","date_gmt":"2019-12-10T19:17:24","guid":{"rendered":"http:\/\/www.elsindical.com.ar\/notas\/?p=91810"},"modified":"2019-12-10T16:19:42","modified_gmt":"2019-12-10T19:19:42","slug":"alberto-fernandez-presidente-de-los-argentinos","status":"publish","type":"post","link":"https:\/\/www.elsindical.com.ar\/notas\/alberto-fernandez-presidente-de-los-argentinos\/","title":{"rendered":"Alberto Fern\u00e1ndez, presidente de los argentinos"},"content":{"rendered":"\n<figure class=\"wp-block-image size-large\"><img loading=\"lazy\" decoding=\"async\" width=\"1024\" height=\"683\" src=\"http:\/\/www.elsindical.com.ar\/notas\/var\/www\/html\/notas\/wp-content\/uploads\/2019\/12\/Alberto-presidente-y-Cristina-vice-1024x683.jpg\" alt=\"\" class=\"wp-image-91811\" srcset=\"https:\/\/www.elsindical.com.ar\/notas\/var\/www\/html\/notas\/wp-content\/uploads\/2019\/12\/Alberto-presidente-y-Cristina-vice-1024x683.jpg 1024w, https:\/\/www.elsindical.com.ar\/notas\/var\/www\/html\/notas\/wp-content\/uploads\/2019\/12\/Alberto-presidente-y-Cristina-vice-300x200.jpg 300w, https:\/\/www.elsindical.com.ar\/notas\/var\/www\/html\/notas\/wp-content\/uploads\/2019\/12\/Alberto-presidente-y-Cristina-vice-768x512.jpg 768w, https:\/\/www.elsindical.com.ar\/notas\/var\/www\/html\/notas\/wp-content\/uploads\/2019\/12\/Alberto-presidente-y-Cristina-vice-450x300.jpg 450w, https:\/\/www.elsindical.com.ar\/notas\/var\/www\/html\/notas\/wp-content\/uploads\/2019\/12\/Alberto-presidente-y-Cristina-vice.jpg 1170w\" sizes=\"auto, (max-width: 1024px) 100vw, 1024px\" \/><\/figure>\n\n\n\n<p class=\"wp-block-paragraph\"> El presidente sostuvo  que si el pueblo ve que se equivoca, se lo manifieste en las calles\u00bb.  \u00abPong\u00e1monos de pie y empecemos nuestra marcha\u00bb, agreg\u00f3 junto a la  vicepresidenta, Cristina Fern\u00e1ndez de Kirchner. <\/p>\n\n\n\n<p class=\"wp-block-paragraph\">El presidente <em><strong>Alberto Fern\u00e1ndez<\/strong><\/em> habl\u00f3 esta tarde por casi una hora en su primer discurso como mandatario, que cerr\u00f3 con un llamado a empezar la \u00abmarcha\u00bb.<\/p>\n\n\n\n<p class=\"wp-block-paragraph\"><strong>\u00abPong\u00e1monos de pie y empecemos nuestra marcha\u00bb<\/strong>, se\u00f1al\u00f3 Fern\u00e1ndez al finalizar su mensaje en cadena nacional.<\/p>\n\n\n\n<p class=\"wp-block-paragraph\">Antes, reiter\u00f3: \u00abQuiero convocarlos a que si alguna vez sienten que  me desv\u00edo, salgan a la calle a decirme lo que estoy haciendo. Les  prometo que volver\u00e9 a senda sin dudarlo\u00bb.<\/p>\n\n\n\n<p class=\"wp-block-paragraph\">El presidente Alberto Fern\u00e1ndez afirm\u00f3 este mediod\u00eda impulsar\u00e1 una \ngesti\u00f3n con \u00abequilibrio federal y territorial\u00bb, aunque aclar\u00f3 que ser\u00e1 \n\u00abm\u00e1s all\u00e1 de los meramente fiscal\u00bb.<\/p>\n\n\n\n<p class=\"wp-block-paragraph\">\u00abNo puede haber argentinos de primera y de segunda\u00bb, sostuvo el \nmandatario en el Congreso, tras remarcar su intenci\u00f3n de gobernar con \n\u00abequilibrio federal y territorial\u00bb.<\/p>\n\n\n\n<p class=\"wp-block-paragraph\">En su discurso de asunci\u00f3n, el flamante jefe de Estado destac\u00f3 que \nquiere hacerlo con un Gobierno \u00abinnovador, en clave productiva y \nfederal, m\u00e1s all\u00e1 de lo meramente fiscal\u00bb.<\/p>\n\n\n\n<p class=\"wp-block-paragraph\">Asimismo, Alberto Fern\u00e1ndez ratific\u00f3 su intenci\u00f3n de trasladar a  distintas provincias actividades administrativas para que \u00ablas  necesidades de la poblaci\u00f3n puedan hacerse carne en las decisiones\u00bb del  Gobierno.<\/p>\n\n\n\n<figure class=\"wp-block-gallery columns-1 is-cropped wp-block-gallery-1 is-layout-flex wp-block-gallery-is-layout-flex\"><ul class=\"blocks-gallery-grid\"><li class=\"blocks-gallery-item\"><figure><img decoding=\"async\" src=\"http:\/\/www.elsindical.com.ar\/notas\/var\/www\/html\/notas\/wp-content\/uploads\/2019\/12\/temp.jpg\" alt=\"\" data-id=\"91813\" data-link=\"http:\/\/www.elsindical.com.ar\/notas\/alberto-fernandez-presidente-de-los-argentinos\/temp\/#main\" class=\"wp-image-91813\"\/><\/figure><\/li><li class=\"blocks-gallery-item\"><figure><img decoding=\"async\" src=\"http:\/\/www.elsindical.com.ar\/notas\/var\/www\/html\/notas\/wp-content\/uploads\/2019\/12\/temp1.jpg\" alt=\"\" data-id=\"91814\" data-link=\"http:\/\/www.elsindical.com.ar\/notas\/alberto-fernandez-presidente-de-los-argentinos\/temp1\/#main\" class=\"wp-image-91814\"\/><\/figure><\/li><li class=\"blocks-gallery-item\"><figure><img decoding=\"async\" src=\"http:\/\/www.elsindical.com.ar\/notas\/var\/www\/html\/notas\/wp-content\/uploads\/2019\/12\/traspaso3.jpg\" alt=\"\" data-id=\"91815\" data-link=\"http:\/\/www.elsindical.com.ar\/notas\/alberto-fernandez-presidente-de-los-argentinos\/traspaso3\/#main\" class=\"wp-image-91815\"\/><\/figure><\/li><li class=\"blocks-gallery-item\"><figure><img decoding=\"async\" src=\"http:\/\/www.elsindical.com.ar\/notas\/var\/www\/html\/notas\/wp-content\/uploads\/2019\/12\/temp2.jpg\" alt=\"\" data-id=\"91816\" data-link=\"http:\/\/www.elsindical.com.ar\/notas\/alberto-fernandez-presidente-de-los-argentinos\/temp2\/#main\" class=\"wp-image-91816\"\/><\/figure><\/li><li class=\"blocks-gallery-item\"><figure><img decoding=\"async\" src=\"http:\/\/www.elsindical.com.ar\/notas\/var\/www\/html\/notas\/wp-content\/uploads\/2019\/12\/traspaso.jpg\" alt=\"\" data-id=\"91817\" data-link=\"http:\/\/www.elsindical.com.ar\/notas\/alberto-fernandez-presidente-de-los-argentinos\/traspaso\/#main\" class=\"wp-image-91817\"\/><\/figure><\/li><li class=\"blocks-gallery-item\"><figure><img decoding=\"async\" src=\"http:\/\/www.elsindical.com.ar\/notas\/var\/www\/html\/notas\/wp-content\/uploads\/2019\/12\/traspaso4.jpg\" alt=\"\" data-id=\"91818\" data-link=\"http:\/\/www.elsindical.com.ar\/notas\/alberto-fernandez-presidente-de-los-argentinos\/traspaso4\/#main\" class=\"wp-image-91818\"\/><\/figure><\/li><\/ul><\/figure>\n","protected":false},"excerpt":{"rendered":"<p>El presidente sostuvo que si el pueblo ve que se equivoca, se lo manifieste en las calles\u00bb. \u00abPong\u00e1monos de pie y empecemos nuestra marcha\u00bb, agreg\u00f3 junto a la vicepresidenta, Cristina Fern\u00e1ndez de Kirchner. El presidente Alberto Fern\u00e1ndez habl\u00f3 esta tarde por casi una hora en su primer discurso como mandatario, que cerr\u00f3 con un llamado&hellip;<\/p>\n","protected":false},"author":1,"featured_media":91811,"comment_status":"open","ping_status":"open","sticky":false,"template":"","format":"standard","meta":{"footnotes":""},"categories":[13],"tags":[11223,1481,1205,547],"class_list":["post-91810","post","type-post","status-publish","format-standard","has-post-thumbnail","hentry","category-politica","tag-alberto-fernandez","tag-congreso-de-la-nacion","tag-cristina-fernandez-de-kirchner","tag-presidente"],"_links":{"self":[{"href":"https:\/\/www.elsindical.com.ar\/notas\/wp-json\/wp\/v2\/posts\/91810","targetHints":{"allow":["GET"]}}],"collection":[{"href":"https:\/\/www.elsindical.com.ar\/notas\/wp-json\/wp\/v2\/posts"}],"about":[{"href":"https:\/\/www.elsindical.com.ar\/notas\/wp-json\/wp\/v2\/types\/post"}],"author":[{"embeddable":true,"href":"https:\/\/www.elsindical.com.ar\/notas\/wp-json\/wp\/v2\/users\/1"}],"replies":[{"embeddable":true,"href":"https:\/\/www.elsindical.com.ar\/notas\/wp-json\/wp\/v2\/comments?post=91810"}],"version-history":[{"count":2,"href":"https:\/\/www.elsindical.com.ar\/notas\/wp-json\/wp\/v2\/posts\/91810\/revisions"}],"predecessor-version":[{"id":91819,"href":"https:\/\/www.elsindical.com.ar\/notas\/wp-json\/wp\/v2\/posts\/91810\/revisions\/91819"}],"wp:featuredmedia":[{"embeddable":true,"href":"https:\/\/www.elsindical.com.ar\/notas\/wp-json\/wp\/v2\/media\/91811"}],"wp:attachment":[{"href":"https:\/\/www.elsindical.com.ar\/notas\/wp-json\/wp\/v2\/media?parent=91810"}],"wp:term":[{"taxonomy":"category","embeddable":true,"href":"https:\/\/www.elsindical.com.ar\/notas\/wp-json\/wp\/v2\/categories?post=91810"},{"taxonomy":"post_tag","embeddable":true,"href":"https:\/\/www.elsindical.com.ar\/notas\/wp-json\/wp\/v2\/tags?post=91810"}],"curies":[{"name":"wp","href":"https:\/\/api.w.org\/{rel}","templated":true}]}}