{"id":91800,"date":"2019-12-10T10:05:55","date_gmt":"2019-12-10T13:05:55","guid":{"rendered":"http:\/\/www.elsindical.com.ar\/notas\/?p=91800"},"modified":"2019-12-10T10:05:55","modified_gmt":"2019-12-10T13:05:55","slug":"murio-marie-fredriksson-cantante-de-roxette","status":"publish","type":"post","link":"https:\/\/www.elsindical.com.ar\/notas\/murio-marie-fredriksson-cantante-de-roxette\/","title":{"rendered":"Muri\u00f3 Marie Fredriksson, cantante de Roxette"},"content":{"rendered":"\n<figure class=\"wp-block-image size-large\"><img loading=\"lazy\" decoding=\"async\" width=\"1024\" height=\"573\" src=\"http:\/\/www.elsindical.com.ar\/notas\/var\/www\/html\/notas\/wp-content\/uploads\/2019\/12\/Grupo-Roxette-1024x573.jpg\" alt=\"\" class=\"wp-image-91801\" srcset=\"https:\/\/www.elsindical.com.ar\/notas\/var\/www\/html\/notas\/wp-content\/uploads\/2019\/12\/Grupo-Roxette-1024x573.jpg 1024w, https:\/\/www.elsindical.com.ar\/notas\/var\/www\/html\/notas\/wp-content\/uploads\/2019\/12\/Grupo-Roxette-300x168.jpg 300w, https:\/\/www.elsindical.com.ar\/notas\/var\/www\/html\/notas\/wp-content\/uploads\/2019\/12\/Grupo-Roxette-768x430.jpg 768w, https:\/\/www.elsindical.com.ar\/notas\/var\/www\/html\/notas\/wp-content\/uploads\/2019\/12\/Grupo-Roxette-500x280.jpg 500w, https:\/\/www.elsindical.com.ar\/notas\/var\/www\/html\/notas\/wp-content\/uploads\/2019\/12\/Grupo-Roxette.jpg 1170w\" sizes=\"auto, (max-width: 1024px) 100vw, 1024px\" \/><\/figure>\n\n\n\n<p class=\"wp-block-paragraph\"> La artista sueca ten\u00eda 61 a\u00f1os y luchaba contra un c\u00e1ncer cerebral desde el a\u00f1o 2002.  <\/p>\n\n\n\n<p class=\"wp-block-paragraph\">La cantante <strong>Marie Fredriksson<\/strong>, cantante de <strong>Roxette, muri\u00f3 esta ma\u00f1ana en Suecia<\/strong> donde <strong>luchaba desde 2002 con un tumor cerebral<\/strong>. La artista ten\u00eda 61 a\u00f1os.<\/p>\n\n\n\n<p class=\"wp-block-paragraph\">La <strong>informaci\u00f3n fue confirmada por su gerente de prensa y Relaciones P\u00fablicas,\u00a0Marie Dimberg<\/strong>.  Los m\u00e9dicos cre\u00edan que la cantante no iba a sobrevivir mucho m\u00e1s que un  a\u00f1o. Tuvo que enfrentarse a una gran dosis de medicamentos, sesiones de  radioterapia, complejas operaciones.\u00a0Y no pudo escribir correctamente a  causa de los tratamientos.<\/p>\n\n\n\n<p class=\"wp-block-paragraph\">Su agente de Relaciones P\u00fablicas anunci\u00f3: <strong>\u00abCon gran tristeza \ndebemos anunciar que uno de nuestros m\u00e1s grandes y queridos artistas ha \nfallecido. Marie Fredriksson muri\u00f3 en la ma\u00f1ana del 9 de diciembre en \nlas suites de su antigua enfermedad.Todo mi amor por ti y tu familia. \nLas cosas nunca ser\u00e1n iguales\u00bb.<\/strong><\/p>\n\n\n\n<p class=\"wp-block-paragraph\">Tambi\u00e9n tuvo problemas visuales en el ojo derecho, auditivos, motores y de orientaci\u00f3n y memoria. <strong>Con la ayuda de la periodista Helena Von Zweigbergk , la artista de 61 a\u00f1os decidi\u00f3 contar su historia<\/strong> \u201csin rodeos para que la gente sepa lo que supone pasar por lo que a m\u00ed me toc\u00f3 vivir\u201d, dijo.<\/p>\n\n\n\n<p class=\"wp-block-paragraph\"><strong>Roxette se form\u00f3 en 1986<\/strong> y toc\u00f3 en su <strong>\u00faltimo concierto en 2016<\/strong>. It mast have been love, The Look, Joyride y <strong>Listen to your heart<\/strong> son algunos de sus cl\u00e1sicos.\u00a0Roxette <strong>encabez\u00f3\u00a0el billboard estadounidense cuatro veces<\/strong> y tuvo un total de <strong>19 canciones en la lista de los 40 principales del Reino Unido.<\/strong><\/p>\n\n\n\n<figure class=\"wp-block-image size-large\"><img loading=\"lazy\" decoding=\"async\" width=\"1024\" height=\"683\" src=\"http:\/\/www.elsindical.com.ar\/notas\/var\/www\/html\/notas\/wp-content\/uploads\/2019\/12\/Marie-Fredriksson-1024x683.jpg\" alt=\"\" class=\"wp-image-91802\" srcset=\"https:\/\/www.elsindical.com.ar\/notas\/var\/www\/html\/notas\/wp-content\/uploads\/2019\/12\/Marie-Fredriksson-1024x683.jpg 1024w, https:\/\/www.elsindical.com.ar\/notas\/var\/www\/html\/notas\/wp-content\/uploads\/2019\/12\/Marie-Fredriksson-300x200.jpg 300w, https:\/\/www.elsindical.com.ar\/notas\/var\/www\/html\/notas\/wp-content\/uploads\/2019\/12\/Marie-Fredriksson-768x512.jpg 768w, https:\/\/www.elsindical.com.ar\/notas\/var\/www\/html\/notas\/wp-content\/uploads\/2019\/12\/Marie-Fredriksson-450x300.jpg 450w, https:\/\/www.elsindical.com.ar\/notas\/var\/www\/html\/notas\/wp-content\/uploads\/2019\/12\/Marie-Fredriksson.jpg 1170w\" sizes=\"auto, (max-width: 1024px) 100vw, 1024px\" \/><\/figure>\n\n\n\n<iframe loading=\"lazy\" width=\"580\" height=\"420\" src=\"https:\/\/www.youtube.com\/embed\/yCC_b5WHLX0\" frameborder=\"0\" allow=\"accelerometer; autoplay; encrypted-media; gyroscope; picture-in-picture\" allowfullscreen><\/iframe>\n","protected":false},"excerpt":{"rendered":"<p>La artista sueca ten\u00eda 61 a\u00f1os y luchaba contra un c\u00e1ncer cerebral desde el a\u00f1o 2002. La cantante Marie Fredriksson, cantante de Roxette, muri\u00f3 esta ma\u00f1ana en Suecia donde luchaba desde 2002 con un tumor cerebral. La artista ten\u00eda 61 a\u00f1os. La informaci\u00f3n fue confirmada por su gerente de prensa y Relaciones P\u00fablicas,\u00a0Marie Dimberg. Los&hellip;<\/p>\n","protected":false},"author":1,"featured_media":91801,"comment_status":"open","ping_status":"open","sticky":false,"template":"","format":"standard","meta":{"footnotes":""},"categories":[15],"tags":[3325,1214,22732,22734],"class_list":["post-91800","post","type-post","status-publish","format-standard","has-post-thumbnail","hentry","category-espectaculos","tag-cancer","tag-grupo","tag-marie-fredriksson","tag-roxette"],"_links":{"self":[{"href":"https:\/\/www.elsindical.com.ar\/notas\/wp-json\/wp\/v2\/posts\/91800","targetHints":{"allow":["GET"]}}],"collection":[{"href":"https:\/\/www.elsindical.com.ar\/notas\/wp-json\/wp\/v2\/posts"}],"about":[{"href":"https:\/\/www.elsindical.com.ar\/notas\/wp-json\/wp\/v2\/types\/post"}],"author":[{"embeddable":true,"href":"https:\/\/www.elsindical.com.ar\/notas\/wp-json\/wp\/v2\/users\/1"}],"replies":[{"embeddable":true,"href":"https:\/\/www.elsindical.com.ar\/notas\/wp-json\/wp\/v2\/comments?post=91800"}],"version-history":[{"count":1,"href":"https:\/\/www.elsindical.com.ar\/notas\/wp-json\/wp\/v2\/posts\/91800\/revisions"}],"predecessor-version":[{"id":91803,"href":"https:\/\/www.elsindical.com.ar\/notas\/wp-json\/wp\/v2\/posts\/91800\/revisions\/91803"}],"wp:featuredmedia":[{"embeddable":true,"href":"https:\/\/www.elsindical.com.ar\/notas\/wp-json\/wp\/v2\/media\/91801"}],"wp:attachment":[{"href":"https:\/\/www.elsindical.com.ar\/notas\/wp-json\/wp\/v2\/media?parent=91800"}],"wp:term":[{"taxonomy":"category","embeddable":true,"href":"https:\/\/www.elsindical.com.ar\/notas\/wp-json\/wp\/v2\/categories?post=91800"},{"taxonomy":"post_tag","embeddable":true,"href":"https:\/\/www.elsindical.com.ar\/notas\/wp-json\/wp\/v2\/tags?post=91800"}],"curies":[{"name":"wp","href":"https:\/\/api.w.org\/{rel}","templated":true}]}}