{"id":91787,"date":"2019-12-09T17:16:48","date_gmt":"2019-12-09T20:16:48","guid":{"rendered":"http:\/\/www.elsindical.com.ar\/notas\/?p=91787"},"modified":"2019-12-09T17:16:48","modified_gmt":"2019-12-09T20:16:48","slug":"larreta-no-asume-sus-deudas-con-la-educacion","status":"publish","type":"post","link":"https:\/\/www.elsindical.com.ar\/notas\/larreta-no-asume-sus-deudas-con-la-educacion\/","title":{"rendered":"Larreta no asume sus deudas con la educaci\u00f3n"},"content":{"rendered":"\n<figure class=\"wp-block-image size-large\"><img loading=\"lazy\" decoding=\"async\" width=\"660\" height=\"100\" src=\"http:\/\/www.elsindical.com.ar\/notas\/var\/www\/html\/notas\/wp-content\/uploads\/2019\/05\/cabeceracomunicado.jpg\" alt=\"\" class=\"wp-image-87031\" srcset=\"https:\/\/www.elsindical.com.ar\/notas\/var\/www\/html\/notas\/wp-content\/uploads\/2019\/05\/cabeceracomunicado.jpg 660w, https:\/\/www.elsindical.com.ar\/notas\/var\/www\/html\/notas\/wp-content\/uploads\/2019\/05\/cabeceracomunicado-300x45.jpg 300w, https:\/\/www.elsindical.com.ar\/notas\/var\/www\/html\/notas\/wp-content\/uploads\/2019\/05\/cabeceracomunicado-500x76.jpg 500w\" sizes=\"auto, (max-width: 660px) 100vw, 660px\" \/><\/figure>\n\n\n\n<figure class=\"wp-block-table\"><table class=\"\"><tbody><tr><td>En\n la ma\u00f1ana de hoy, Horacio Rodr\u00edguez Larreta asumi\u00f3 su segundo mandato \ncomo Jefe de Gobierno de la Ciudad. Sin embargo, sigue sin asumir sus \ndeudas con la comunidad educativa. Si bien volvi\u00f3 a incluir la educaci\u00f3n\n en su discurso, en los hechos la reducci\u00f3n sistem\u00e1tica del presupuesto \npara el \u00e1rea demuestra muy poco inter\u00e9s por mejorar la escuela p\u00fablica \nen la Ciudad. Incluso su menci\u00f3n a la \u00abeducaci\u00f3n digital\u00bb entra en \nflagrante contradicci\u00f3n con su silencio c\u00f3mplice ante la suspensi\u00f3n de \nla entrega de netbooks en todo el pa\u00eds, incluida la Ciudad de Buenos \nAires, durante los \u00faltimos cuatro a\u00f1os. La supuesta \u00abtransformaci\u00f3n \neducativa\u00bb a que hizo referencia Larreta en su presentaci\u00f3n ante la \nLegislatura es la que a\u00f1os tras a\u00f1os deja a decenas de miles de ni\u00f1os y \nni\u00f1as sin vacantes en la escuela p\u00fablica. Este a\u00f1o, mientras Larreta \nhablaba de \u00abavances en educaci\u00f3n\u00bb, las familias de esos ni\u00f1os y ni\u00f1as \nsegu\u00edan sin saber si en febrero de 2020 sus hijos seguir\u00e1n en lista de \nespera o podr\u00e1n acceder a las vacantes en el sistema p\u00fablico que les \nasegura la Constituci\u00f3n porte\u00f1a y les niega el Poder Ejecutivo.  \n                Al\n mismo tiempo, mientras el Jefe de Gobierno preconiza el di\u00e1logo como \nforma de llevar a cabo las pol\u00edticas de Gobierno, en materia educativa \nha actuado no s\u00f3lo sin consultar a la comunidad sino abiertamente en \ncontra de la opini\u00f3n de familias, estudiantes y docentes. Esto fue as\u00ed \ntanto en sus proyectos de \u00absecundaria sin futuro\u00bb y UniCABA, como en el \nintento que la comunidad pudo revertir de cerrar las escuelas \nsecundarias nocturnas. Su modus operandi fue el mismo que aplicado d\u00edas \natr\u00e1s con los m\u00e9dicos y profesionales de la salud, residentes y \nconcurrentes. Se trata de decisiones tomadas a espaldas y en contra de \nla comunidad sanitaria. En ambos casos, educaci\u00f3n y salud, sus \ncomunidades se pusieron al frente de su defensa y lograron que Larreta \ndiera marcha atr\u00e1s.  \n                Las\n y los docentes seguiremos defendiendo el derecho social a la educaci\u00f3n \nfrente a un Gobierno que ignora, cuando no intenta avasallar, a los que \nhacemos d\u00eda a d\u00eda la escuela p\u00fablica. \n                Buenos Aires, lunes 9 de diciembre de 2019. \n                 \n                 <br> \n                 Eduardo L\u00f3pez &#8211; Secretario General UTE &#8211; CTERA \n                 Mariano Denegris &#8211; Secretario de Comunicaci\u00f3n UTE &#8211; CTERA&nbsp; \n                 \n               <\/td><\/tr><\/tbody><\/table><\/figure>\n\n\n\n<figure class=\"wp-block-table\"><table class=\"\"><tbody><tr><td>                                   <br>  Contactos\u00a0 Prensa <br>UTE: Marcelo Bruno 1535728500\u00a0 \/\u00a0 Javier Vogel 1534321007                  <br>Secretario de Comunicaci\u00f3n UTE: Mariano Denegris1552406003                 <\/td><\/tr><\/tbody><\/table><\/figure>\n","protected":false},"excerpt":{"rendered":"<p>En la ma\u00f1ana de hoy, Horacio Rodr\u00edguez Larreta asumi\u00f3 su segundo mandato como Jefe de Gobierno de la Ciudad. Sin embargo, sigue sin asumir sus deudas con la comunidad educativa. Si bien volvi\u00f3 a incluir la educaci\u00f3n en su discurso, en los hechos la reducci\u00f3n sistem\u00e1tica del presupuesto para el \u00e1rea demuestra muy poco inter\u00e9s&hellip;<\/p>\n","protected":false},"author":1,"featured_media":87031,"comment_status":"open","ping_status":"open","sticky":false,"template":"","format":"standard","meta":{"footnotes":""},"categories":[16],"tags":[497,5968,28981,777],"class_list":["post-91787","post","type-post","status-publish","format-standard","has-post-thumbnail","hentry","category-gremiales","tag-docentes","tag-gobierno-de-la-ciudad-de-buenos-aires","tag-horacio-larreta","tag-ute"],"_links":{"self":[{"href":"https:\/\/www.elsindical.com.ar\/notas\/wp-json\/wp\/v2\/posts\/91787","targetHints":{"allow":["GET"]}}],"collection":[{"href":"https:\/\/www.elsindical.com.ar\/notas\/wp-json\/wp\/v2\/posts"}],"about":[{"href":"https:\/\/www.elsindical.com.ar\/notas\/wp-json\/wp\/v2\/types\/post"}],"author":[{"embeddable":true,"href":"https:\/\/www.elsindical.com.ar\/notas\/wp-json\/wp\/v2\/users\/1"}],"replies":[{"embeddable":true,"href":"https:\/\/www.elsindical.com.ar\/notas\/wp-json\/wp\/v2\/comments?post=91787"}],"version-history":[{"count":1,"href":"https:\/\/www.elsindical.com.ar\/notas\/wp-json\/wp\/v2\/posts\/91787\/revisions"}],"predecessor-version":[{"id":91788,"href":"https:\/\/www.elsindical.com.ar\/notas\/wp-json\/wp\/v2\/posts\/91787\/revisions\/91788"}],"wp:featuredmedia":[{"embeddable":true,"href":"https:\/\/www.elsindical.com.ar\/notas\/wp-json\/wp\/v2\/media\/87031"}],"wp:attachment":[{"href":"https:\/\/www.elsindical.com.ar\/notas\/wp-json\/wp\/v2\/media?parent=91787"}],"wp:term":[{"taxonomy":"category","embeddable":true,"href":"https:\/\/www.elsindical.com.ar\/notas\/wp-json\/wp\/v2\/categories?post=91787"},{"taxonomy":"post_tag","embeddable":true,"href":"https:\/\/www.elsindical.com.ar\/notas\/wp-json\/wp\/v2\/tags?post=91787"}],"curies":[{"name":"wp","href":"https:\/\/api.w.org\/{rel}","templated":true}]}}