{"id":91754,"date":"2019-12-08T11:53:15","date_gmt":"2019-12-08T14:53:15","guid":{"rendered":"http:\/\/www.elsindical.com.ar\/notas\/?p=91754"},"modified":"2019-12-08T11:53:15","modified_gmt":"2019-12-08T14:53:15","slug":"un-gremio-anuncio-el-basico-mas-alto-del-pais-en-su-cierre-de-paritarias","status":"publish","type":"post","link":"https:\/\/www.elsindical.com.ar\/notas\/un-gremio-anuncio-el-basico-mas-alto-del-pais-en-su-cierre-de-paritarias\/","title":{"rendered":"Un gremio anunci\u00f3 el b\u00e1sico m\u00e1s alto del pa\u00eds en su cierre de paritarias"},"content":{"rendered":"\n<figure class=\"wp-block-image size-large\"><img loading=\"lazy\" decoding=\"async\" width=\"1024\" height=\"650\" src=\"http:\/\/www.elsindical.com.ar\/notas\/var\/www\/html\/notas\/wp-content\/uploads\/2019\/12\/billetes-de-mil-1024x650.jpg\" alt=\"\" class=\"wp-image-91755\" srcset=\"https:\/\/www.elsindical.com.ar\/notas\/var\/www\/html\/notas\/wp-content\/uploads\/2019\/12\/billetes-de-mil-1024x650.jpg 1024w, https:\/\/www.elsindical.com.ar\/notas\/var\/www\/html\/notas\/wp-content\/uploads\/2019\/12\/billetes-de-mil-300x190.jpg 300w, https:\/\/www.elsindical.com.ar\/notas\/var\/www\/html\/notas\/wp-content\/uploads\/2019\/12\/billetes-de-mil-768x488.jpg 768w, https:\/\/www.elsindical.com.ar\/notas\/var\/www\/html\/notas\/wp-content\/uploads\/2019\/12\/billetes-de-mil-473x300.jpg 473w, https:\/\/www.elsindical.com.ar\/notas\/var\/www\/html\/notas\/wp-content\/uploads\/2019\/12\/billetes-de-mil.jpg 1312w\" sizes=\"auto, (max-width: 1024px) 100vw, 1024px\" \/><\/figure>\n\n\n\n<p class=\"wp-block-paragraph\">Se trata de un aumento salarial que alcanza el 348%, superando los $70.000 de b\u00e1sico.<\/p>\n\n\n\n<p class=\"wp-block-paragraph\">La Asociaci\u00f3n Agentes de Propaganda M\u00e9dica (AAPM), liderada por <strong>Ricardo Peidro<\/strong>, acord\u00f3 un salario b\u00e1sico para los trabajadores que ingresan a la actividad de <strong>$72.658<\/strong>, lo que representa nada menos que un <strong>348% de aumento salarial<\/strong>.<\/p>\n\n\n\n<p class=\"wp-block-paragraph\">El acuerdo se rubric\u00f3 ayer con las c\u00e1maras empresarias de la industria farmac\u00e9utica obteniendo una cifra que se convierte en <strong>el b\u00e1sico \u201cm\u00e1s alto del pa\u00eds\u201d<\/strong>.<\/p>\n\n\n\n<p class=\"wp-block-paragraph\">Desde la entidad se\u00f1alaron que los trabajadores gozar\u00e1n de este \nbeneficio gracias a \u201cla insistencia y lucha de los trabajadores\u201d y que \n\u201ceste es un acuerdo hist\u00f3rico para el gremio, ya que representa el \nb\u00e1sico m\u00e1s elevado de la Argentina\u201d.<\/p>\n\n\n\n<p class=\"wp-block-paragraph\">El tambi\u00e9n secretario general de la Central de los Trabajadores de la\n Argentina Aut\u00f3noma (CTAA), explic\u00f3 a trav\u00e9s de un comunicado que las \nnegociaciones anteriores no hab\u00edan sido positivas y que exist\u00eda \u201cuna \nnegativa patronal de sostener las leyes de profesionalidad, lo cual el \n98,5% de los afiliados no estuvo dispuesto a ceder en el \u00faltimo \nplebiscito\u201d.<\/p>\n\n\n\n<p class=\"wp-block-paragraph\">\u201cLa expectativa del sindicato apunta a que el convenio salarial \ninaugure una nueva etapa de di\u00e1logo para avanzar en la discusi\u00f3n del \nfuturo de la industria farmac\u00e9utica y de los derechos de los \ntrabajadores visitadores m\u00e9dicos\u201d, finaliz\u00f3 Peidro.<\/p>\n","protected":false},"excerpt":{"rendered":"<p>Se trata de un aumento salarial que alcanza el 348%, superando los $70.000 de b\u00e1sico. La Asociaci\u00f3n Agentes de Propaganda M\u00e9dica (AAPM), liderada por Ricardo Peidro, acord\u00f3 un salario b\u00e1sico para los trabajadores que ingresan a la actividad de $72.658, lo que representa nada menos que un 348% de aumento salarial. El acuerdo se rubric\u00f3&hellip;<\/p>\n","protected":false},"author":1,"featured_media":91755,"comment_status":"open","ping_status":"open","sticky":false,"template":"","format":"standard","meta":{"footnotes":""},"categories":[16],"tags":[333,873,31979,8377],"class_list":["post-91754","post","type-post","status-publish","format-standard","has-post-thumbnail","hentry","category-gremiales","tag-aapm","tag-gremio","tag-ricardo-peidro-2","tag-sueldo-basico"],"_links":{"self":[{"href":"https:\/\/www.elsindical.com.ar\/notas\/wp-json\/wp\/v2\/posts\/91754","targetHints":{"allow":["GET"]}}],"collection":[{"href":"https:\/\/www.elsindical.com.ar\/notas\/wp-json\/wp\/v2\/posts"}],"about":[{"href":"https:\/\/www.elsindical.com.ar\/notas\/wp-json\/wp\/v2\/types\/post"}],"author":[{"embeddable":true,"href":"https:\/\/www.elsindical.com.ar\/notas\/wp-json\/wp\/v2\/users\/1"}],"replies":[{"embeddable":true,"href":"https:\/\/www.elsindical.com.ar\/notas\/wp-json\/wp\/v2\/comments?post=91754"}],"version-history":[{"count":1,"href":"https:\/\/www.elsindical.com.ar\/notas\/wp-json\/wp\/v2\/posts\/91754\/revisions"}],"predecessor-version":[{"id":91756,"href":"https:\/\/www.elsindical.com.ar\/notas\/wp-json\/wp\/v2\/posts\/91754\/revisions\/91756"}],"wp:featuredmedia":[{"embeddable":true,"href":"https:\/\/www.elsindical.com.ar\/notas\/wp-json\/wp\/v2\/media\/91755"}],"wp:attachment":[{"href":"https:\/\/www.elsindical.com.ar\/notas\/wp-json\/wp\/v2\/media?parent=91754"}],"wp:term":[{"taxonomy":"category","embeddable":true,"href":"https:\/\/www.elsindical.com.ar\/notas\/wp-json\/wp\/v2\/categories?post=91754"},{"taxonomy":"post_tag","embeddable":true,"href":"https:\/\/www.elsindical.com.ar\/notas\/wp-json\/wp\/v2\/tags?post=91754"}],"curies":[{"name":"wp","href":"https:\/\/api.w.org\/{rel}","templated":true}]}}