{"id":91688,"date":"2019-12-06T13:16:36","date_gmt":"2019-12-06T16:16:36","guid":{"rendered":"http:\/\/www.elsindical.com.ar\/notas\/?p=91688"},"modified":"2019-12-06T13:16:36","modified_gmt":"2019-12-06T16:16:36","slug":"la-corte-separa-del-cargo-a-la-jueza-de-paz-julieta-maria-ormaechea","status":"publish","type":"post","link":"https:\/\/www.elsindical.com.ar\/notas\/la-corte-separa-del-cargo-a-la-jueza-de-paz-julieta-maria-ormaechea\/","title":{"rendered":"La Corte separa del cargo a la Jueza de paz Julieta Mar\u00eda Ormaechea"},"content":{"rendered":"\n<figure class=\"wp-block-image size-large\"><img loading=\"lazy\" decoding=\"async\" width=\"1024\" height=\"575\" src=\"http:\/\/www.elsindical.com.ar\/notas\/var\/www\/html\/notas\/wp-content\/uploads\/2019\/05\/jueza-Julieta-Mar\u00eda-Ormaechea-1024x575.jpg\" alt=\"\" class=\"wp-image-87064\" srcset=\"https:\/\/www.elsindical.com.ar\/notas\/var\/www\/html\/notas\/wp-content\/uploads\/2019\/05\/jueza-Julieta-Mar\u00eda-Ormaechea-1024x575.jpg 1024w, https:\/\/www.elsindical.com.ar\/notas\/var\/www\/html\/notas\/wp-content\/uploads\/2019\/05\/jueza-Julieta-Mar\u00eda-Ormaechea-300x168.jpg 300w, https:\/\/www.elsindical.com.ar\/notas\/var\/www\/html\/notas\/wp-content\/uploads\/2019\/05\/jueza-Julieta-Mar\u00eda-Ormaechea-768x431.jpg 768w, https:\/\/www.elsindical.com.ar\/notas\/var\/www\/html\/notas\/wp-content\/uploads\/2019\/05\/jueza-Julieta-Mar\u00eda-Ormaechea-500x281.jpg 500w, https:\/\/www.elsindical.com.ar\/notas\/var\/www\/html\/notas\/wp-content\/uploads\/2019\/05\/jueza-Julieta-Mar\u00eda-Ormaechea.jpg 1140w\" sizes=\"auto, (max-width: 1024px) 100vw, 1024px\" \/><\/figure>\n\n\n\n<p>Se trata de una letrada de la localidad bonaerense de San Vicente. Un jurado de enjuiciamiento la acus\u00f3 de <em>\u00abactuar de manera impropia\u00bb.\u00a0<\/em> <\/p>\n\n\n\n<p>Un jurado de enjuiciamiento bonaerense separ\u00f3 de su cargo a una jueza de paz de la localidad de San Vicente, quien est\u00e1 acusada de maltratar a v\u00edctimas de violencia y quemar sus expedientes, inform\u00f3 una fuente judicial.<\/p>\n\n\n\n<p>Se trata de <strong>Julieta Mar\u00eda Ormaechea<\/strong>, a quien se inici\u00f3 un juicio pol\u00edtico a ra\u00edz de la denuncia del procurador general de la Suprema Corte bonaerense, <strong>Julio Conte Grand<\/strong>,  realizada en abril \u00faltimo, por mal desempe\u00f1o de sus funciones y por  quebrantar las normas protectoras contra la violencia familiar.<\/p>\n\n\n\n<p>Un jurado de enjuiciamiento de magistrados, bajo la presidencia del titular de la Suprema Corte de Justicia provincial, <strong>Eduardo Pettigiani<\/strong>, dispuso el apartamiento preventivo de su cargo de Ormaechea.<\/p>\n\n\n\n<p>En mayo \u00faltimo, la Suprema Corte  provincial hab\u00eda determinado una licencia de 90 d\u00edas para Ormaechea  acusada de maltratar a v\u00edctimas de violencia familiar que realizaron  denuncias en su juzgado y por <em>\u00abactuar de manera impropia\u00bb<\/em> al quemar expedientes de denuncias.<\/p>\n","protected":false},"excerpt":{"rendered":"<p>Se trata de una letrada de la localidad bonaerense de San Vicente. Un jurado de enjuiciamiento la acus\u00f3 de \u00abactuar de manera impropia\u00bb.\u00a0 Un jurado de enjuiciamiento bonaerense separ\u00f3 de su cargo a una jueza de paz de la localidad de San Vicente, quien est\u00e1 acusada de maltratar a v\u00edctimas de violencia y quemar sus&hellip;<\/p>\n","protected":false},"author":1,"featured_media":87064,"comment_status":"open","ping_status":"open","sticky":false,"template":"","format":"standard","meta":{"footnotes":""},"categories":[20],"tags":[30870,3736,26866],"class_list":["post-91688","post","type-post","status-publish","format-standard","has-post-thumbnail","hentry","category-judiciales","tag-jueza-julieta-maria-ormaechea","tag-san-vicente","tag-suprema-corte-bonaerese"],"_links":{"self":[{"href":"https:\/\/www.elsindical.com.ar\/notas\/wp-json\/wp\/v2\/posts\/91688","targetHints":{"allow":["GET"]}}],"collection":[{"href":"https:\/\/www.elsindical.com.ar\/notas\/wp-json\/wp\/v2\/posts"}],"about":[{"href":"https:\/\/www.elsindical.com.ar\/notas\/wp-json\/wp\/v2\/types\/post"}],"author":[{"embeddable":true,"href":"https:\/\/www.elsindical.com.ar\/notas\/wp-json\/wp\/v2\/users\/1"}],"replies":[{"embeddable":true,"href":"https:\/\/www.elsindical.com.ar\/notas\/wp-json\/wp\/v2\/comments?post=91688"}],"version-history":[{"count":1,"href":"https:\/\/www.elsindical.com.ar\/notas\/wp-json\/wp\/v2\/posts\/91688\/revisions"}],"predecessor-version":[{"id":91689,"href":"https:\/\/www.elsindical.com.ar\/notas\/wp-json\/wp\/v2\/posts\/91688\/revisions\/91689"}],"wp:featuredmedia":[{"embeddable":true,"href":"https:\/\/www.elsindical.com.ar\/notas\/wp-json\/wp\/v2\/media\/87064"}],"wp:attachment":[{"href":"https:\/\/www.elsindical.com.ar\/notas\/wp-json\/wp\/v2\/media?parent=91688"}],"wp:term":[{"taxonomy":"category","embeddable":true,"href":"https:\/\/www.elsindical.com.ar\/notas\/wp-json\/wp\/v2\/categories?post=91688"},{"taxonomy":"post_tag","embeddable":true,"href":"https:\/\/www.elsindical.com.ar\/notas\/wp-json\/wp\/v2\/tags?post=91688"}],"curies":[{"name":"wp","href":"https:\/\/api.w.org\/{rel}","templated":true}]}}