{"id":91677,"date":"2019-12-05T09:16:45","date_gmt":"2019-12-05T12:16:45","guid":{"rendered":"http:\/\/www.elsindical.com.ar\/notas\/?p=91677"},"modified":"2019-12-05T09:16:45","modified_gmt":"2019-12-05T12:16:45","slug":"denuncian-que-hay-presos-que-padecen-hambre-en-penales-bonaerenses","status":"publish","type":"post","link":"https:\/\/www.elsindical.com.ar\/notas\/denuncian-que-hay-presos-que-padecen-hambre-en-penales-bonaerenses\/","title":{"rendered":"Denuncian que hay presos que \u201cpadecen hambre\u201d en penales bonaerenses"},"content":{"rendered":"\n<figure class=\"wp-block-image size-large\"><img loading=\"lazy\" decoding=\"async\" width=\"723\" height=\"339\" src=\"http:\/\/www.elsindical.com.ar\/notas\/var\/www\/html\/notas\/wp-content\/uploads\/2019\/12\/alimentaci\u00f3n-presos.jpg\" alt=\"\" class=\"wp-image-91678\" srcset=\"https:\/\/www.elsindical.com.ar\/notas\/var\/www\/html\/notas\/wp-content\/uploads\/2019\/12\/alimentaci\u00f3n-presos.jpg 723w, https:\/\/www.elsindical.com.ar\/notas\/var\/www\/html\/notas\/wp-content\/uploads\/2019\/12\/alimentaci\u00f3n-presos-300x141.jpg 300w, https:\/\/www.elsindical.com.ar\/notas\/var\/www\/html\/notas\/wp-content\/uploads\/2019\/12\/alimentaci\u00f3n-presos-500x234.jpg 500w\" sizes=\"auto, (max-width: 723px) 100vw, 723px\" \/><\/figure>\n\n\n\n<p>La Comisi\u00f3n Provincial por la Memoria (CPM) denunci\u00f3 este mi\u00e9rcoles \nque las personas privadas de la libertad en la provincia de Buenos Aires\n \u00abpadecen hambre\u00bb, y constat\u00f3 que en los \u00faltimos meses \u00abse agrav\u00f3 la \nfalta o carencia completa de alimentos\u00bb en los dep\u00f3sitos de las unidades\n penitenciarias.<\/p>\n\n\n\n<p>Al respecto, voceros del Servicio Penitenciario Bonaerense (SPB) \nadmitieron demoras en la provisi\u00f3n de carne a los dep\u00f3sitos de los \npenales, pero aseguraron a T\u00e9lam que la situaci\u00f3n estar\u00e1 normalizada en \nun plazo m\u00e1ximo de 72 horas.<\/p>\n\n\n\n<p>La CPM elabor\u00f3 un informe basado en inspecciones que se realizaron \ndurante el a\u00f1o, en el que destac\u00f3 que \u00abla comida que hay -en las \nc\u00e1rceles bonaerenses- es poca y de mala calidad\u00bb.<\/p>\n\n\n\n<p>El organismo envi\u00f3 adem\u00e1s el documento al ministro de Justicia \nbonaerense, Gustavo Ferrari, y le pidi\u00f3 que \u00abexplique las razones del \ndesabastecimiento\u00bb y \u00abtome las medidas necesarias para proveer de manera\n urgente los alimentos previstos en las licitaciones contratadas\u00bb.<\/p>\n\n\n\n<p>Tambi\u00e9n reclam\u00f3 que \u00abgarantice la provisi\u00f3n de dietas especiales por \nrazones de salud, algo que pr\u00e1cticamente no existe en ninguna c\u00e1rcel de \nla Provincia, agravando las condiciones cl\u00ednicas de las personas que \npadecen VIH, diabetes o hepatitis\u00bb.<\/p>\n\n\n\n<p>\u00abHay c\u00e1rceles en donde faltan alimentos indispensables desde hace \nmeses. Es muy habitual la ausencia de frutas y verduras por largos \nperiodos, y la carne y el pollo, que deber\u00edan proveerse todas las \nsemanas, llegan pocas veces. En algunas unidades no hay queso desde hace\n un a\u00f1o, mientras que productos como leche, huevos, aceite o yerba \npueden faltar por meses\u00bb, detalla el estudio.<\/p>\n\n\n\n<p>Si bien desde el SPB admiten problemas en la provisi\u00f3n de carne, \naclararon que la situaci\u00f3n fue solucionada y que desde ma\u00f1ana a primera \nhora -con un plazo m\u00e1ximo de entre 48 y 72 horas- comenzar\u00e1n a llegar \nlos pedidos a los establecimientos carcelarios.<\/p>\n\n\n\n<p>Por su parte, los voceros del SPB explicaron que \u00absiempre hubo \nalimentos secos y vegetales para cocinar y alimentar a los m\u00e1s de 43.000\n detenidos en las unidades penitenciarias que dependen de la Provincia\u00bb.<\/p>\n\n\n\n<p>En tanto, la situaci\u00f3n denunciada por la CPM ya hab\u00eda sido constatada\n por la Defensor\u00eda General de Azul, que inform\u00f3 recientemente sobre el \n\u00abgrave desabastecimiento\u00bb en unidades penitenciarias de Alvear, La \nPlata, Olmos, Romero y Gorina.<\/p>\n\n\n\n<p>Asimismo, la Asociaci\u00f3n Argentina de la Justicia de Ejecuci\u00f3n Penal \nexpres\u00f3 en un comunicado su \u00abconsternaci\u00f3n y sentida preocupaci\u00f3n\u00bb por \nla falta de alimentos en las c\u00e1rceles bonaerenses, y exhort\u00f3 a \u00abtodos \nlos poderes del estado provincial y nacional a regularizar la \nsituaci\u00f3n\u00bb.<\/p>\n","protected":false},"excerpt":{"rendered":"<p>La Comisi\u00f3n Provincial por la Memoria (CPM) denunci\u00f3 este mi\u00e9rcoles que las personas privadas de la libertad en la provincia de Buenos Aires \u00abpadecen hambre\u00bb, y constat\u00f3 que en los \u00faltimos meses \u00abse agrav\u00f3 la falta o carencia completa de alimentos\u00bb en los dep\u00f3sitos de las unidades penitenciarias. Al respecto, voceros del Servicio Penitenciario Bonaerense&hellip;<\/p>\n","protected":false},"author":1,"featured_media":91678,"comment_status":"open","ping_status":"open","sticky":false,"template":"","format":"standard","meta":{"footnotes":""},"categories":[19],"tags":[10644,31961,2120,1544],"class_list":["post-91677","post","type-post","status-publish","format-standard","has-post-thumbnail","hentry","category-intramuros","tag-cpm","tag-gustavo-ferrarri","tag-hambre","tag-spb"],"_links":{"self":[{"href":"https:\/\/www.elsindical.com.ar\/notas\/wp-json\/wp\/v2\/posts\/91677","targetHints":{"allow":["GET"]}}],"collection":[{"href":"https:\/\/www.elsindical.com.ar\/notas\/wp-json\/wp\/v2\/posts"}],"about":[{"href":"https:\/\/www.elsindical.com.ar\/notas\/wp-json\/wp\/v2\/types\/post"}],"author":[{"embeddable":true,"href":"https:\/\/www.elsindical.com.ar\/notas\/wp-json\/wp\/v2\/users\/1"}],"replies":[{"embeddable":true,"href":"https:\/\/www.elsindical.com.ar\/notas\/wp-json\/wp\/v2\/comments?post=91677"}],"version-history":[{"count":1,"href":"https:\/\/www.elsindical.com.ar\/notas\/wp-json\/wp\/v2\/posts\/91677\/revisions"}],"predecessor-version":[{"id":91679,"href":"https:\/\/www.elsindical.com.ar\/notas\/wp-json\/wp\/v2\/posts\/91677\/revisions\/91679"}],"wp:featuredmedia":[{"embeddable":true,"href":"https:\/\/www.elsindical.com.ar\/notas\/wp-json\/wp\/v2\/media\/91678"}],"wp:attachment":[{"href":"https:\/\/www.elsindical.com.ar\/notas\/wp-json\/wp\/v2\/media?parent=91677"}],"wp:term":[{"taxonomy":"category","embeddable":true,"href":"https:\/\/www.elsindical.com.ar\/notas\/wp-json\/wp\/v2\/categories?post=91677"},{"taxonomy":"post_tag","embeddable":true,"href":"https:\/\/www.elsindical.com.ar\/notas\/wp-json\/wp\/v2\/tags?post=91677"}],"curies":[{"name":"wp","href":"https:\/\/api.w.org\/{rel}","templated":true}]}}