{"id":91674,"date":"2019-12-05T08:40:03","date_gmt":"2019-12-05T11:40:03","guid":{"rendered":"http:\/\/www.elsindical.com.ar\/notas\/?p=91674"},"modified":"2019-12-05T08:40:03","modified_gmt":"2019-12-05T11:40:03","slug":"paro-total-de-24-horas-en-la-linea-60","status":"publish","type":"post","link":"https:\/\/www.elsindical.com.ar\/notas\/paro-total-de-24-horas-en-la-linea-60\/","title":{"rendered":"Paro total de 24 horas en la l\u00ednea 60"},"content":{"rendered":"\n<figure class=\"wp-block-image size-large\"><img loading=\"lazy\" decoding=\"async\" width=\"888\" height=\"527\" src=\"http:\/\/www.elsindical.com.ar\/notas\/var\/www\/html\/notas\/wp-content\/uploads\/2019\/12\/cole-60.jpg\" alt=\"\" class=\"wp-image-91675\" srcset=\"https:\/\/www.elsindical.com.ar\/notas\/var\/www\/html\/notas\/wp-content\/uploads\/2019\/12\/cole-60.jpg 888w, https:\/\/www.elsindical.com.ar\/notas\/var\/www\/html\/notas\/wp-content\/uploads\/2019\/12\/cole-60-300x178.jpg 300w, https:\/\/www.elsindical.com.ar\/notas\/var\/www\/html\/notas\/wp-content\/uploads\/2019\/12\/cole-60-768x456.jpg 768w, https:\/\/www.elsindical.com.ar\/notas\/var\/www\/html\/notas\/wp-content\/uploads\/2019\/12\/cole-60-500x297.jpg 500w\" sizes=\"auto, (max-width: 888px) 100vw, 888px\" \/><\/figure>\n\n\n\n<p>Los delegados y trabajadores\u00a0se  movilizar\u00e1n a la Secretar\u00eda de Trabajo contra la restructuraci\u00f3n  operativa de la empresa. M\u00e1s de 250 mil pasajeros se ven afectados. <\/p>\n\n\n\n<p>Desde las 00:00 horas de este jueves\u00a0la l\u00ednea 60 inici\u00f3 un cese total de  actividades en rechazo a la reestructuraci\u00f3n dispuesta por el Ministerio  de Transporte de la Naci\u00f3n que reduce los ramales y divide las  cabeceras del servicio.\u00a0<\/p>\n\n\n\n<p>La medida de fuerza&nbsp;estar\u00e1 acompa\u00f1ado a las 10 por una movilizaci\u00f3n a\n la Secretaria de Trabajo, ubicada en avenida Callao y Bartolom\u00e9 Mitre, \ndonde se brindar\u00e1 una conferencia de prensa para brindar detalles de la \nsituaci\u00f3n laboral que afrontan.<\/p>\n\n\n\n<p>En un comunicado&nbsp;delegados y trabajadores explicaron que adoptan la medida de fuerz<em>a\n \u00abluego de agotar todas las instancias de di\u00e1logo, en defensa de los \npuestos laborales y en defensa del servicio p\u00fablico de pasajeros\u00bb.<\/em><\/p>\n\n\n\n<p><em>\u00abContinuaremos en estado de asamblea permanente y no descartamos  futuras medidas de fuerza hasta que se restablezca el servicio normal y  habitual de la\u00a0L\u00ednea 60\u00bb<\/em>, concluyeron<\/p>\n","protected":false},"excerpt":{"rendered":"<p>Los delegados y trabajadores\u00a0se movilizar\u00e1n a la Secretar\u00eda de Trabajo contra la restructuraci\u00f3n operativa de la empresa. M\u00e1s de 250 mil pasajeros se ven afectados. Desde las 00:00 horas de este jueves\u00a0la l\u00ednea 60 inici\u00f3 un cese total de actividades en rechazo a la reestructuraci\u00f3n dispuesta por el Ministerio de Transporte de la Naci\u00f3n que&hellip;<\/p>\n","protected":false},"author":1,"featured_media":91675,"comment_status":"open","ping_status":"open","sticky":false,"template":"","format":"standard","meta":{"footnotes":""},"categories":[16],"tags":[439,31952,67,402],"class_list":["post-91674","post","type-post","status-publish","format-standard","has-post-thumbnail","hentry","category-gremiales","tag-empresa","tag-linea-60-2","tag-paro","tag-pasajeros"],"_links":{"self":[{"href":"https:\/\/www.elsindical.com.ar\/notas\/wp-json\/wp\/v2\/posts\/91674","targetHints":{"allow":["GET"]}}],"collection":[{"href":"https:\/\/www.elsindical.com.ar\/notas\/wp-json\/wp\/v2\/posts"}],"about":[{"href":"https:\/\/www.elsindical.com.ar\/notas\/wp-json\/wp\/v2\/types\/post"}],"author":[{"embeddable":true,"href":"https:\/\/www.elsindical.com.ar\/notas\/wp-json\/wp\/v2\/users\/1"}],"replies":[{"embeddable":true,"href":"https:\/\/www.elsindical.com.ar\/notas\/wp-json\/wp\/v2\/comments?post=91674"}],"version-history":[{"count":1,"href":"https:\/\/www.elsindical.com.ar\/notas\/wp-json\/wp\/v2\/posts\/91674\/revisions"}],"predecessor-version":[{"id":91676,"href":"https:\/\/www.elsindical.com.ar\/notas\/wp-json\/wp\/v2\/posts\/91674\/revisions\/91676"}],"wp:featuredmedia":[{"embeddable":true,"href":"https:\/\/www.elsindical.com.ar\/notas\/wp-json\/wp\/v2\/media\/91675"}],"wp:attachment":[{"href":"https:\/\/www.elsindical.com.ar\/notas\/wp-json\/wp\/v2\/media?parent=91674"}],"wp:term":[{"taxonomy":"category","embeddable":true,"href":"https:\/\/www.elsindical.com.ar\/notas\/wp-json\/wp\/v2\/categories?post=91674"},{"taxonomy":"post_tag","embeddable":true,"href":"https:\/\/www.elsindical.com.ar\/notas\/wp-json\/wp\/v2\/tags?post=91674"}],"curies":[{"name":"wp","href":"https:\/\/api.w.org\/{rel}","templated":true}]}}