{"id":91670,"date":"2019-12-05T08:21:57","date_gmt":"2019-12-05T11:21:57","guid":{"rendered":"http:\/\/www.elsindical.com.ar\/notas\/?p=91670"},"modified":"2019-12-05T08:21:57","modified_gmt":"2019-12-05T11:21:57","slug":"anmat-prohibio-productos-terapeuticos-y-un-aceite-de-oliva","status":"publish","type":"post","link":"https:\/\/www.elsindical.com.ar\/notas\/anmat-prohibio-productos-terapeuticos-y-un-aceite-de-oliva\/","title":{"rendered":"Anmat prohibi\u00f3 productos terap\u00e9uticos y un aceite de oliva"},"content":{"rendered":"\n<div class=\"wp-block-image\"><figure class=\"aligncenter size-large\"><img loading=\"lazy\" decoding=\"async\" width=\"800\" height=\"800\" src=\"http:\/\/www.elsindical.com.ar\/notas\/var\/www\/html\/notas\/wp-content\/uploads\/2019\/12\/aceite-de-oliva-Hojiblanca.jpg\" alt=\"\" class=\"wp-image-91671\" srcset=\"https:\/\/www.elsindical.com.ar\/notas\/var\/www\/html\/notas\/wp-content\/uploads\/2019\/12\/aceite-de-oliva-Hojiblanca.jpg 800w, https:\/\/www.elsindical.com.ar\/notas\/var\/www\/html\/notas\/wp-content\/uploads\/2019\/12\/aceite-de-oliva-Hojiblanca-300x300.jpg 300w, https:\/\/www.elsindical.com.ar\/notas\/var\/www\/html\/notas\/wp-content\/uploads\/2019\/12\/aceite-de-oliva-Hojiblanca-150x150.jpg 150w, https:\/\/www.elsindical.com.ar\/notas\/var\/www\/html\/notas\/wp-content\/uploads\/2019\/12\/aceite-de-oliva-Hojiblanca-768x768.jpg 768w, https:\/\/www.elsindical.com.ar\/notas\/var\/www\/html\/notas\/wp-content\/uploads\/2019\/12\/aceite-de-oliva-Hojiblanca-50x50.jpg 50w\" sizes=\"auto, (max-width: 800px) 100vw, 800px\" \/><\/figure><\/div>\n\n\n\n<p> Lo hizo a trav\u00e9s de dos disposiciones publicadas en el Bolet\u00edn Oficial. <\/p>\n\n\n\n<p>La <strong>Administraci\u00f3n Nacional de Medicamentos, Alimentos y Tecnolog\u00eda M\u00e9dica (ANMAT)<\/strong> prohibi\u00f3 este jueves la comercializaci\u00f3n de un aceite de oliva y de una <strong>serie de productos terap\u00e9uticos<\/strong>, de acuerdo a dos disposiciones publicadas en el Bolet\u00edn Oficial.<\/p>\n\n\n\n<p>Se trata de un aceite de <strong>oliva extra virgen<\/strong>, \nvariedad Hojiblanca, marca Praderas Neuquinas, RNPA N\u00ba 15003593, \nelaborado y envasado por RNE N\u00ba 15000603 en ruta 7 kil\u00f3metro 13,5, \nNeuqu\u00e9n.<\/p>\n\n\n\n<p>Por otra parte, la Direcci\u00f3n de Evaluaci\u00f3n y Gesti\u00f3n de Monitoreo de  Productos para la Salud realiz\u00f3 una inspecci\u00f3n en la Farmacia Par\u00eds de  calle Rivadavia al 300, en la ciudad de Cruz del Eje, C\u00f3rdoba.<\/p>\n\n\n\n<p><strong>Tras verificar el stock, la Anmat -mediante la disposici\u00f3n \n9729\/2019- prohibi\u00f3 el uso, la distribuci\u00f3n y la comercializaci\u00f3n en \ntodo el territorio nacional de los siguientes productos:<\/strong><\/p>\n\n\n\n<p>1) Maca Kallpa, indicado para regular las hormonas, revitalizar \nc\u00e9lulas, prolongar la fertilidad y el vigor sexual, calcificar los \nhuesos y combatir el agotamiento f\u00edsico y mental. 2) C\u00e1psulas de moringa\n Prodenza Life, para tratamiento de diabetes, obesidad y estr\u00e9s. 3) \nHarina Moringa, se\u00f1alada como anticancer\u00edgena y para incrementar las \ndefensas naturales del cuerpo. 4) Rxs Mixafro Prodenza Life, como \nrevitalizador de la impotencia sexual y para combatir la frigidez.<\/p>\n\n\n\n<p>La <strong>Resoluci\u00f3n 9729\/2019<\/strong> destac\u00f3 que \u201cninguno de los  productos se encuentra inscripto en el Registro de Especialidades  Medicinales (REM) al d\u00eda de la fecha\u201d. Asimismo, inform\u00f3 que las firmas  Laboratorios Agroindustrias Amazonas y Agroindustrias Chaska, las que  elaboran esos medicamentos, tampoco se \u201cencuentran habilitadas\u201d ante la  ANMAT.<\/p>\n\n\n\n<div class=\"wp-block-image\"><figure class=\"aligncenter size-large\"><img loading=\"lazy\" decoding=\"async\" width=\"309\" height=\"400\" src=\"http:\/\/www.elsindical.com.ar\/notas\/var\/www\/html\/notas\/wp-content\/uploads\/2019\/12\/MACA-KALPA.jpg\" alt=\"\" class=\"wp-image-91672\" srcset=\"https:\/\/www.elsindical.com.ar\/notas\/var\/www\/html\/notas\/wp-content\/uploads\/2019\/12\/MACA-KALPA.jpg 309w, https:\/\/www.elsindical.com.ar\/notas\/var\/www\/html\/notas\/wp-content\/uploads\/2019\/12\/MACA-KALPA-232x300.jpg 232w\" sizes=\"auto, (max-width: 309px) 100vw, 309px\" \/><\/figure><\/div>\n","protected":false},"excerpt":{"rendered":"<p>Lo hizo a trav\u00e9s de dos disposiciones publicadas en el Bolet\u00edn Oficial. La Administraci\u00f3n Nacional de Medicamentos, Alimentos y Tecnolog\u00eda M\u00e9dica (ANMAT) prohibi\u00f3 este jueves la comercializaci\u00f3n de un aceite de oliva y de una serie de productos terap\u00e9uticos, de acuerdo a dos disposiciones publicadas en el Bolet\u00edn Oficial. Se trata de un aceite de&hellip;<\/p>\n","protected":false},"author":1,"featured_media":91671,"comment_status":"open","ping_status":"open","sticky":false,"template":"","format":"standard","meta":{"footnotes":""},"categories":[23],"tags":[29108,1394,31960,27943],"class_list":["post-91670","post","type-post","status-publish","format-standard","has-post-thumbnail","hentry","category-salud","tag-aceite-de-oliva","tag-anmat","tag-hojiblanca","tag-maca"],"_links":{"self":[{"href":"https:\/\/www.elsindical.com.ar\/notas\/wp-json\/wp\/v2\/posts\/91670","targetHints":{"allow":["GET"]}}],"collection":[{"href":"https:\/\/www.elsindical.com.ar\/notas\/wp-json\/wp\/v2\/posts"}],"about":[{"href":"https:\/\/www.elsindical.com.ar\/notas\/wp-json\/wp\/v2\/types\/post"}],"author":[{"embeddable":true,"href":"https:\/\/www.elsindical.com.ar\/notas\/wp-json\/wp\/v2\/users\/1"}],"replies":[{"embeddable":true,"href":"https:\/\/www.elsindical.com.ar\/notas\/wp-json\/wp\/v2\/comments?post=91670"}],"version-history":[{"count":1,"href":"https:\/\/www.elsindical.com.ar\/notas\/wp-json\/wp\/v2\/posts\/91670\/revisions"}],"predecessor-version":[{"id":91673,"href":"https:\/\/www.elsindical.com.ar\/notas\/wp-json\/wp\/v2\/posts\/91670\/revisions\/91673"}],"wp:featuredmedia":[{"embeddable":true,"href":"https:\/\/www.elsindical.com.ar\/notas\/wp-json\/wp\/v2\/media\/91671"}],"wp:attachment":[{"href":"https:\/\/www.elsindical.com.ar\/notas\/wp-json\/wp\/v2\/media?parent=91670"}],"wp:term":[{"taxonomy":"category","embeddable":true,"href":"https:\/\/www.elsindical.com.ar\/notas\/wp-json\/wp\/v2\/categories?post=91670"},{"taxonomy":"post_tag","embeddable":true,"href":"https:\/\/www.elsindical.com.ar\/notas\/wp-json\/wp\/v2\/tags?post=91670"}],"curies":[{"name":"wp","href":"https:\/\/api.w.org\/{rel}","templated":true}]}}