{"id":91652,"date":"2019-12-04T10:55:24","date_gmt":"2019-12-04T13:55:24","guid":{"rendered":"http:\/\/www.elsindical.com.ar\/notas\/?p=91652"},"modified":"2019-12-04T10:55:24","modified_gmt":"2019-12-04T13:55:24","slug":"el-cuil-se-tramita-en-el-anses-sin-turno","status":"publish","type":"post","link":"https:\/\/www.elsindical.com.ar\/notas\/el-cuil-se-tramita-en-el-anses-sin-turno\/","title":{"rendered":"El CUIL se tramita en el ANSES sin turno"},"content":{"rendered":"\n<figure class=\"wp-block-image size-large\"><img loading=\"lazy\" decoding=\"async\" width=\"709\" height=\"473\" src=\"http:\/\/www.elsindical.com.ar\/notas\/var\/www\/html\/notas\/wp-content\/uploads\/2019\/12\/CUIL-en-el-ANSES.jpg\" alt=\"\" class=\"wp-image-91653\" srcset=\"https:\/\/www.elsindical.com.ar\/notas\/var\/www\/html\/notas\/wp-content\/uploads\/2019\/12\/CUIL-en-el-ANSES.jpg 709w, https:\/\/www.elsindical.com.ar\/notas\/var\/www\/html\/notas\/wp-content\/uploads\/2019\/12\/CUIL-en-el-ANSES-300x200.jpg 300w, https:\/\/www.elsindical.com.ar\/notas\/var\/www\/html\/notas\/wp-content\/uploads\/2019\/12\/CUIL-en-el-ANSES-450x300.jpg 450w\" sizes=\"auto, (max-width: 709px) 100vw, 709px\" \/><\/figure>\n\n\n\n<p> <em>La  generaci\u00f3n del C\u00f3digo \u00danico de Identificaci\u00f3n Laboral se realiza  presencialmente en cualquier delegaci\u00f3n del organismo; la constancia  puede imprimirse en\u00a0<a rel=\"noreferrer noopener\" href=\"http:\/\/www.anses.gob.ar\/\" target=\"_blank\">www.anses.gob.ar<\/a>.\u00a0<\/em> <\/p>\n\n\n\n<figure class=\"wp-block-table\"><table class=\"\"><tbody><tr><td>\nANSES\n otorga el C\u00f3digo \u00danico de Identificaci\u00f3n Laboral (CUIL) a todo \ntrabajador en relaci\u00f3n de dependencia para que su empleador informe los \naportes y contribuciones a la Administraci\u00f3n Federal de\n Ingresos P\u00fablicos (AFIP). Asimismo, es necesario para gestionar \nprestaciones de la Seguridad Social como las Asignaciones Familiares y \ntr\u00e1mites en otras entidades p\u00fablicas, bancos, registros de automotor, \nentre otros.\n\nPara generarlo, el interesado deber\u00e1 dirigirse con su DNI a cualquier oficina de ANSES sin turno previo.&nbsp;\n\nSi ya lo obtuvo y desea solicitar la constancia, tendr\u00e1 que ingresar en&nbsp;<a href=\"http:\/\/www.anses.gob.ar\/\" target=\"_blank\" rel=\"noreferrer noopener\">www.anses.gob.ar<\/a>,\nsecci\u00f3n&nbsp;<em>Accesos r\u00e1pidos<\/em>, opci\u00f3n&nbsp;<em>Constancia de CUIL<\/em>&nbsp;y\n completar los siguientes datos personales: tipo y n\u00famero de documento, \nnombre,\n apellido, sexo, fecha de nacimiento. Adem\u00e1s, tendr\u00e1 que indicar el \nc\u00f3digo de seguridad de la imagen que aparece en pantalla y pulsar&nbsp;<em>Consultar<\/em>. Luego podr\u00e1 imprimirla directamente.\n\nEs importante destacar que la Constancia de CUIL emitida no requiere la autenticaci\u00f3n con sello y firma de un agente de ANSES.\n\nLos\n prefijos que anteceden al n\u00famero de CUIL \u2013 20\/23\/24\/27 \u2013 no guardan \nrelaci\u00f3n con el sexo de la persona, por lo que se puede registrar alguno\n de ellos independientemente de que fuera masculino\n o femenino.\n\n&nbsp;\n\n<strong>CUIL para trabajadores extranjeros<\/strong>\n\nEn\n el caso de los extranjeros que quieran trabajar en el pa\u00eds, deber\u00e1n \ngenerar un CUIL provisorio, habiendo realizado previamente los tr\u00e1mites \nen la Direcci\u00f3n Nacional de Migraciones. Una vez que\n obtengan el DNI para extranjeros o naturalizados deber\u00e1n crear el CUIL \ndefinitivo solicitando la unificaci\u00f3n con el provisorio.\n\n&nbsp;\n\n<strong>C\u00f3mo presentar la documentaci\u00f3n&nbsp;<\/strong>\n\nEl\n DNI se debe presentar en original y fotocopia. Si la persona carece de \noriginal, la copia tendr\u00e1 que estar certificada por autoridad competente\n (funcionarios autorizados del Registro Civil y Capacidad\n de las Personas, autoridad consular, previsional o judicial, Escribano \nP\u00fablico, directores o administradores de establecimientos geri\u00e1tricos, \nhospitales nacionales, provinciales, municipales, como as\u00ed tambi\u00e9n \ncl\u00ednicas y sanatorios privados donde el titular\n se encuentre internado).&nbsp;Si la presentaci\u00f3n la efect\u00faa un tercero, este\n deber\u00e1 llevar, adem\u00e1s, su DNI original.\n\n&nbsp;\n\n<strong>Ventajas de incluir el CUIL al DNI<\/strong>\n\nTodos\n los ciudadanos que realicen un nuevo DNI o incorporen modificaciones \ntendr\u00e1n expresado su correspondiente n\u00famero de CUIL, el cual permite:\n\n&#8211;\n otorgar sin tr\u00e1mite adicional las prestaciones que requieran \ninformaci\u00f3n de ni\u00f1os y su grupo familiar, como la Asignaci\u00f3n Universal \npor Hijo, Asignaciones Familiares para trabajadores en relaci\u00f3n\n de dependencia, entre otras.\n\n&#8211; acreditar los datos personales y familiares en la base de ANSES.\n\n&#8211;\n no realizar ning\u00fan tr\u00e1mite en casos de nacimiento, ya que se le dar\u00e1 un\n CUIL al ni\u00f1o y se registrar\u00e1 a sus padres en la base de datos.&nbsp;\n\n&#8211; reducir cualquier fraude que se intente hacer con datos personales o de relaciones familiares.&nbsp;\n\n\n<a href=\"http:\/\/noticias.anses.gob.ar\/Vista\/thumb.php?ancho=auto&amp;img=\/img\/gacetillas\/CUIL_medios.jpg\" target=\"_blank\" rel=\"noreferrer noopener\"><\/a>\n\n<\/td><\/tr><tr><td>\n\n<\/td><\/tr><\/tbody><\/table><\/figure>\n","protected":false},"excerpt":{"rendered":"<p>La generaci\u00f3n del C\u00f3digo \u00danico de Identificaci\u00f3n Laboral se realiza presencialmente en cualquier delegaci\u00f3n del organismo; la constancia puede imprimirse en\u00a0www.anses.gob.ar.\u00a0 ANSES otorga el C\u00f3digo \u00danico de Identificaci\u00f3n Laboral (CUIL) a todo trabajador en relaci\u00f3n de dependencia para que su empleador informe los aportes y contribuciones a la Administraci\u00f3n Federal de Ingresos P\u00fablicos (AFIP). Asimismo,&hellip;<\/p>\n","protected":false},"author":1,"featured_media":91653,"comment_status":"open","ping_status":"open","sticky":false,"template":"","format":"standard","meta":{"footnotes":""},"categories":[25],"tags":[69,80,15933,4799,31955],"class_list":["post-91652","post","type-post","status-publish","format-standard","has-post-thumbnail","hentry","category-sociedad","tag-afip","tag-anses","tag-cuil","tag-dni","tag-turno-previo"],"_links":{"self":[{"href":"https:\/\/www.elsindical.com.ar\/notas\/wp-json\/wp\/v2\/posts\/91652","targetHints":{"allow":["GET"]}}],"collection":[{"href":"https:\/\/www.elsindical.com.ar\/notas\/wp-json\/wp\/v2\/posts"}],"about":[{"href":"https:\/\/www.elsindical.com.ar\/notas\/wp-json\/wp\/v2\/types\/post"}],"author":[{"embeddable":true,"href":"https:\/\/www.elsindical.com.ar\/notas\/wp-json\/wp\/v2\/users\/1"}],"replies":[{"embeddable":true,"href":"https:\/\/www.elsindical.com.ar\/notas\/wp-json\/wp\/v2\/comments?post=91652"}],"version-history":[{"count":1,"href":"https:\/\/www.elsindical.com.ar\/notas\/wp-json\/wp\/v2\/posts\/91652\/revisions"}],"predecessor-version":[{"id":91654,"href":"https:\/\/www.elsindical.com.ar\/notas\/wp-json\/wp\/v2\/posts\/91652\/revisions\/91654"}],"wp:featuredmedia":[{"embeddable":true,"href":"https:\/\/www.elsindical.com.ar\/notas\/wp-json\/wp\/v2\/media\/91653"}],"wp:attachment":[{"href":"https:\/\/www.elsindical.com.ar\/notas\/wp-json\/wp\/v2\/media?parent=91652"}],"wp:term":[{"taxonomy":"category","embeddable":true,"href":"https:\/\/www.elsindical.com.ar\/notas\/wp-json\/wp\/v2\/categories?post=91652"},{"taxonomy":"post_tag","embeddable":true,"href":"https:\/\/www.elsindical.com.ar\/notas\/wp-json\/wp\/v2\/tags?post=91652"}],"curies":[{"name":"wp","href":"https:\/\/api.w.org\/{rel}","templated":true}]}}