{"id":916,"date":"2009-10-07T17:15:40","date_gmt":"2009-10-07T20:15:40","guid":{"rendered":"http:\/\/www.elsindical.com.ar\/notas\/?p=916"},"modified":"2009-10-07T17:15:40","modified_gmt":"2009-10-07T20:15:40","slug":"kraft-food-la-justicia-ordeno-reincorporar-al-titular-de-la-comision-gremial","status":"publish","type":"post","link":"https:\/\/www.elsindical.com.ar\/notas\/kraft-food-la-justicia-ordeno-reincorporar-al-titular-de-la-comision-gremial\/","title":{"rendered":"Kraft Food: la Justicia orden\u00f3 reincorporar al titular de la comisi\u00f3n gremial"},"content":{"rendered":"<p style=\"text-align: justify;\"><em><img loading=\"lazy\" decoding=\"async\" class=\"alignleft size-full wp-image-917\" title=\"Ram\u00f3n-Bogado-delegado\" src=\"http:\/\/www.elsindical.com.ar\/notas\/var\/www\/html\/notas\/wp-content\/uploads\/2009\/10\/Ram\u00f3n-Bogado-delegado.jpg\" alt=\"Ram\u00f3n-Bogado-delegado\" width=\"283\" height=\"171\" \/>Un tribunal de Trabajo de San Isidro intim\u00f3 a la empresa a \u00abdarle tareas y garantizarle el ejercicio de sus funciones\u00bb a Ram\u00f3n Bogado. Sostiene que \u00abno es un peligro para personas ni para bienes\u00bb. Hoy hubo cortes en distintos puntos de la Capital.<\/em><\/p>\n<p id=\"texto\" style=\"text-align: justify;\">En un clima de tensi\u00f3n creciente, con la amenaza de bloqueos de camiones y nuevos cortes de calle en la Ciudad, la Justicia orden\u00f3 hoy a la empresa Kraft Foods <strong>reincorporar <\/strong>al titular de la comisi\u00f3n gremial interna, Ram\u00f3n Bogado, y la intim\u00f3 a \u00abdarle tareas y garantizarle el ejercicio de sus funciones\u00bb sindicales.<\/p>\n<p>As\u00ed lo inform\u00f3 el abogado del dirigente, Juan Pablo Fiorini. \u00abEl fallo (del Tribunal de Trabajo Nro 1 de San Isidro) dice que Bogado no es un peligro ni para personas ni bienes de las empresas\u00bb, se\u00f1al\u00f3 Fiorini tras conocer la orden judicial.<\/p>\n<p>Mientras tanto, los trabajadores definen <strong>un nuevo esquema de protestas<\/strong>. Una de las medidas en estudio es el bloqueo de camiones con materias primas que se dirijan a la planta en Pacheco. <strong>Y volvieron los cortes en algunos puntos de la Ciudad<\/strong>.<\/p>\n<p>Uno de los piquetes lo protagonizan militantes de la Corriente Clasista y Combativa en Rivadavia y Entre R\u00edos, a metros del Congreso. Otro\u00a0afect\u00f3 la circulaci\u00f3n este mediod\u00eda\u00a0en Santa Fe y 9 de Julio. Y manifestantes que bloquearon m\u00e1s temprano la avenida Mitre, en Avellaneda, complicaron hasta poco despu\u00e9s del mediod\u00eda el tr\u00e1nsito en el Puente Pueyrred\u00f3n. Por la tarde habr\u00eda m\u00e1s bloqueos.<\/p>\n<p>En tanto, en Pacheco, Bogado ratific\u00f3 la decisi\u00f3n de \u00abcontinuar con el plan de lucha hasta la reincorporaci\u00f3n de todos los trabajadores\u00bb.<\/p>\n<p>En declaraciones a los medios apostados a la entrada de la planta, el sindicalista dijo que una de las medidas a evaluar ser\u00e1 \u00abimpedir el ingreso de camiones con materia prima a la f\u00e1brica\u00bb.<\/p>\n<p>Adem\u00e1s, sostuvo que en la reuni\u00f3n de ayer en el Ministerio de Trabajo con representantes de la ex Terrabusi y del sindicato de la alimentaci\u00f3n \u00abno hubo ning\u00fan acuerdo, as\u00ed que no se puede hablar sobre si se rechaz\u00f3 o no una propuesta\u00bb.<\/p>\n","protected":false},"excerpt":{"rendered":"<p>Un tribunal de Trabajo de San Isidro intim\u00f3 a la empresa a \u00abdarle tareas y garantizarle el ejercicio de sus funciones\u00bb a Ram\u00f3n Bogado. Sostiene que \u00abno es un peligro para personas ni para bienes\u00bb. Hoy hubo cortes en distintos puntos de la Capital. En un clima de tensi\u00f3n creciente, con la amenaza de bloqueos&hellip;<\/p>\n","protected":false},"author":1,"featured_media":0,"comment_status":"open","ping_status":"open","sticky":false,"template":"","format":"standard","meta":{"footnotes":""},"categories":[16],"tags":[523,124,64],"class_list":["post-916","post","type-post","status-publish","format-standard","hentry","category-gremiales","tag-delegado","tag-kraft-food","tag-ramon-bogado"],"_links":{"self":[{"href":"https:\/\/www.elsindical.com.ar\/notas\/wp-json\/wp\/v2\/posts\/916","targetHints":{"allow":["GET"]}}],"collection":[{"href":"https:\/\/www.elsindical.com.ar\/notas\/wp-json\/wp\/v2\/posts"}],"about":[{"href":"https:\/\/www.elsindical.com.ar\/notas\/wp-json\/wp\/v2\/types\/post"}],"author":[{"embeddable":true,"href":"https:\/\/www.elsindical.com.ar\/notas\/wp-json\/wp\/v2\/users\/1"}],"replies":[{"embeddable":true,"href":"https:\/\/www.elsindical.com.ar\/notas\/wp-json\/wp\/v2\/comments?post=916"}],"version-history":[{"count":1,"href":"https:\/\/www.elsindical.com.ar\/notas\/wp-json\/wp\/v2\/posts\/916\/revisions"}],"predecessor-version":[{"id":918,"href":"https:\/\/www.elsindical.com.ar\/notas\/wp-json\/wp\/v2\/posts\/916\/revisions\/918"}],"wp:attachment":[{"href":"https:\/\/www.elsindical.com.ar\/notas\/wp-json\/wp\/v2\/media?parent=916"}],"wp:term":[{"taxonomy":"category","embeddable":true,"href":"https:\/\/www.elsindical.com.ar\/notas\/wp-json\/wp\/v2\/categories?post=916"},{"taxonomy":"post_tag","embeddable":true,"href":"https:\/\/www.elsindical.com.ar\/notas\/wp-json\/wp\/v2\/tags?post=916"}],"curies":[{"name":"wp","href":"https:\/\/api.w.org\/{rel}","templated":true}]}}