{"id":91477,"date":"2019-11-27T09:52:46","date_gmt":"2019-11-27T12:52:46","guid":{"rendered":"http:\/\/www.elsindical.com.ar\/notas\/?p=91477"},"modified":"2019-11-27T09:52:46","modified_gmt":"2019-11-27T12:52:46","slug":"lomas-de-zamora-leve-condena-al-policia-que-atropello-a-facundo-danese","status":"publish","type":"post","link":"https:\/\/www.elsindical.com.ar\/notas\/lomas-de-zamora-leve-condena-al-policia-que-atropello-a-facundo-danese\/","title":{"rendered":"Lomas de Zamora: Leve condena al polic\u00eda que atropell\u00f3 a Facundo Danese"},"content":{"rendered":"\n<figure class=\"wp-block-image size-large\"><img loading=\"lazy\" decoding=\"async\" width=\"1024\" height=\"768\" src=\"http:\/\/www.elsindical.com.ar\/notas\/var\/www\/html\/notas\/wp-content\/uploads\/2019\/11\/Facundo-Danese-justicia-1024x768.jpeg\" alt=\"\" class=\"wp-image-91478\" srcset=\"https:\/\/www.elsindical.com.ar\/notas\/var\/www\/html\/notas\/wp-content\/uploads\/2019\/11\/Facundo-Danese-justicia-1024x768.jpeg 1024w, https:\/\/www.elsindical.com.ar\/notas\/var\/www\/html\/notas\/wp-content\/uploads\/2019\/11\/Facundo-Danese-justicia-300x225.jpeg 300w, https:\/\/www.elsindical.com.ar\/notas\/var\/www\/html\/notas\/wp-content\/uploads\/2019\/11\/Facundo-Danese-justicia-768x576.jpeg 768w, https:\/\/www.elsindical.com.ar\/notas\/var\/www\/html\/notas\/wp-content\/uploads\/2019\/11\/Facundo-Danese-justicia-400x300.jpeg 400w, https:\/\/www.elsindical.com.ar\/notas\/var\/www\/html\/notas\/wp-content\/uploads\/2019\/11\/Facundo-Danese-justicia.jpeg 1280w\" sizes=\"auto, (max-width: 1024px) 100vw, 1024px\" \/><\/figure>\n\n\n\n<p>El juez correccional 7 de Lomas de \nZamora, Carlos Gualtieri, conden\u00f3 a dos a\u00f1os y ocho meses de prisi\u00f3n al \npolic\u00eda que atropell\u00f3 y mat\u00f3 a Facundo Danese, un joven de 17 a\u00f1os, en \nun hecho ocurrido en Monte Grande, en mayo de 2015. <strong>\u201cMi hijo no \nva a volver y me hubiera gustado una pena m\u00e1s alta pero me deja \ntranquila saber que se consider\u00f3 a Facu inocente y se limpi\u00f3 su nombre\u201d<\/strong>, asegur\u00f3 Roxana Buezas, madre de la v\u00edctima.<\/p>\n\n\n\n<p>Daniel Uriarte es el polic\u00eda de Monte Grande condenado por el delito de homicidio culposo agravado por la  conducci\u00f3n antirreglamentaria de un veh\u00edculo automotor y quien adem\u00e1s  fue sentenciado a 8 a\u00f1os de inhabilitaci\u00f3n para manejar. La fiscal\u00eda  hab\u00eda solicitado 4 a\u00f1os de prisi\u00f3n y 8 de inhabilitaci\u00f3n especial y la  particular damnificada 5 a\u00f1os de prisi\u00f3n y 10 a\u00f1os de inhabilitaci\u00f3n  para ejercer el cargo y conducir.<\/p>\n\n\n\n<p><strong>\u201cSeg\u00fan lo que nos dicen es  una pena ejemplar pero para mi es injusto. Siempre se tuvo en claro  qui\u00e9n fue el culpable porque este tipo no tuvo ninguna intenci\u00f3n de  frenar y no le importo la vida de nadie\u201d<\/strong>, apunt\u00f3 la madre de la v\u00edctima.<\/p>\n\n\n\n<p><strong>A pesar de tener una condena de primera instancia, Uriarte a\u00fan no fue desvinculado de la fuerza.<\/strong>  La investigaci\u00f3n constat\u00f3 que el acusado cruz\u00f3 en rojo, sin sirenas, en  contramano y no respond\u00eda a ninguna emergencia cuando se trasladaba en  el auto de la fuerza de seguridad.<\/p>\n\n\n\n<p><strong>Con respecto a una posible \napelaci\u00f3n sobre la pena, Buezas opin\u00f3 que \u201cpor ahora no\u201d ya que no \nquieren \u201cvolver a pasar por lo mismo para no conseguir nada\u201d<\/strong>. En tanto, seg\u00fan trascendi\u00f3, Uriarte si tiene intenci\u00f3n de apelar ya que buscan que sea absuelto.<\/p>\n\n\n\n<p><strong>\u201cEs demasiado el dolor. Las \npruebas est\u00e1n pero m\u00e1s no le van a dar. Aunque sigamos luchando facu no \nva a volver pero nos queda el consuelo de que \u00e9l cruz\u00f3 bien y ven\u00eda \ndespacio\u201d, apunt\u00f3 la madre de Danese<\/strong>. La familia de la v\u00edctima \nluego del debate se reuni\u00f3 con el Juez, quien le explic\u00f3 los motivos por\n los cuales no agrav\u00f3 la pena y que entiende que Uriarte \u00abes el \u00fanico \nculpable.&nbsp;<\/p>\n\n\n\n<p>Por su parte, L\u00eda Barros, la abogada \nde la familia Danese, manifest\u00f3 que \u201cno se valor\u00f3 la circunstancia de \nque el conductor que embisti\u00f3 estaba en ejercicio de sus funciones\u201d y \nconsider\u00f3 que \u201ceso deber\u00eda haber sido un agravante en vez de \natenuante\u201d.&nbsp;<\/p>\n\n\n\n<p>En este sentido, la abogada destac\u00f3 \nque se lo haya condenado aunque no haya sido con la pena solicitada \ntanto por la fiscal\u00eda como por Barros. <strong>\u201cEl hecho de que se haya \nllegado a una condena es muy importante porque en causas similares nunca\n se llega a juicio porque se entienden como accidentes\u201d, especific\u00f3.<\/strong><\/p>\n\n\n\n<p>Danese volv\u00eda de bailar en moto el 3 \nde mayo de 2015 cuando lleg\u00f3 a las calles Nuestras Malvinas y Bruzzone, \nen Monte Grande. Luego de que el sem\u00e1foro se puso en verde para darle \npaso, avanz\u00f3 y un patrullero lo atropell\u00f3. Seg\u00fan la investigaci\u00f3n, el \nauto, conducido por Uriarte, ven\u00eda en contramano por Bruzzone, sin \nbalizas, ni sirenas y a alta velocidad.<\/p>\n","protected":false},"excerpt":{"rendered":"<p>El juez correccional 7 de Lomas de Zamora, Carlos Gualtieri, conden\u00f3 a dos a\u00f1os y ocho meses de prisi\u00f3n al polic\u00eda que atropell\u00f3 y mat\u00f3 a Facundo Danese, un joven de 17 a\u00f1os, en un hecho ocurrido en Monte Grande, en mayo de 2015. \u201cMi hijo no va a volver y me hubiera gustado una&hellip;<\/p>\n","protected":false},"author":1,"featured_media":91478,"comment_status":"open","ping_status":"open","sticky":false,"template":"","format":"standard","meta":{"footnotes":""},"categories":[20],"tags":[31906,31904,31905,26567,1681],"class_list":["post-91477","post","type-post","status-publish","format-standard","has-post-thumbnail","hentry","category-judiciales","tag-daniel-uriarte","tag-facundo-danese","tag-juez-carlos-gualtieri","tag-lomas-de-zarmora","tag-monte-grande"],"_links":{"self":[{"href":"https:\/\/www.elsindical.com.ar\/notas\/wp-json\/wp\/v2\/posts\/91477","targetHints":{"allow":["GET"]}}],"collection":[{"href":"https:\/\/www.elsindical.com.ar\/notas\/wp-json\/wp\/v2\/posts"}],"about":[{"href":"https:\/\/www.elsindical.com.ar\/notas\/wp-json\/wp\/v2\/types\/post"}],"author":[{"embeddable":true,"href":"https:\/\/www.elsindical.com.ar\/notas\/wp-json\/wp\/v2\/users\/1"}],"replies":[{"embeddable":true,"href":"https:\/\/www.elsindical.com.ar\/notas\/wp-json\/wp\/v2\/comments?post=91477"}],"version-history":[{"count":1,"href":"https:\/\/www.elsindical.com.ar\/notas\/wp-json\/wp\/v2\/posts\/91477\/revisions"}],"predecessor-version":[{"id":91479,"href":"https:\/\/www.elsindical.com.ar\/notas\/wp-json\/wp\/v2\/posts\/91477\/revisions\/91479"}],"wp:featuredmedia":[{"embeddable":true,"href":"https:\/\/www.elsindical.com.ar\/notas\/wp-json\/wp\/v2\/media\/91478"}],"wp:attachment":[{"href":"https:\/\/www.elsindical.com.ar\/notas\/wp-json\/wp\/v2\/media?parent=91477"}],"wp:term":[{"taxonomy":"category","embeddable":true,"href":"https:\/\/www.elsindical.com.ar\/notas\/wp-json\/wp\/v2\/categories?post=91477"},{"taxonomy":"post_tag","embeddable":true,"href":"https:\/\/www.elsindical.com.ar\/notas\/wp-json\/wp\/v2\/tags?post=91477"}],"curies":[{"name":"wp","href":"https:\/\/api.w.org\/{rel}","templated":true}]}}