{"id":91450,"date":"2019-11-27T00:08:00","date_gmt":"2019-11-27T03:08:00","guid":{"rendered":"http:\/\/www.elsindical.com.ar\/notas\/?p=91450"},"modified":"2019-11-27T00:08:00","modified_gmt":"2019-11-27T03:08:00","slug":"efemerides-del-dia-27-de-noviembre-6","status":"publish","type":"post","link":"https:\/\/www.elsindical.com.ar\/notas\/efemerides-del-dia-27-de-noviembre-6\/","title":{"rendered":"EFEM\u00c9RIDES: DEL D\u00cdA 27 DE NOVIEMBRE"},"content":{"rendered":"\n<p>\u2013 D\u00eda del Trabajador Previsional Argentino<\/p>\n\n\n\n<p>1701 \u2013 Nace Anders Celsius, astr\u00f3nomo suizo.<\/p>\n\n\n\n<p>1818 \u2013&nbsp;El general Juan Ram\u00f3n Gonz\u00e1lez Balcarce vence al general Estanislao L\u00f3pez en el Paso de Aguirre, sobre el r\u00edo Salado.<\/p>\n\n\n\n<p>1835 \u2013&nbsp;Eustaquio Medina depone al gobernador de Jujuy, coronel de la Independencia Ferm\u00edn Quintana, y se apodera de la ciudad.<\/p>\n\n\n\n<p>1868 \u2013 El emperador de Jap\u00f3n traslada su residencia de la ciudad de Kyoto a Yedo, que tomar\u00eda el nombre de Tokio.<\/p>\n\n\n\n<p>1895 \u2013 El cient\u00edfico y millonario sueco Alfredo Nobel instituye en su testamento cinco premios anuales que llevan su nombre.<\/p>\n\n\n\n<p>1915 \u2013 Alemania&nbsp;lleva a cabo un ataque a\u00e9reo contra&nbsp;Inglaterra.<\/p>\n\n\n\n<p>1926 \u2013 Nace Elena Cruz, actriz argentina.<\/p>\n\n\n\n<p>1940 \u2013 Nace Bruce Lee, actor de artes marciales.<\/p>\n\n\n\n<p>1942 \u2013 Nace Jimi Hendrix, guitarrista y cantante estadounidense.<\/p>\n\n\n\n<p>1957 \u2013 Nace Miriam Lewin, periodista argentina.<\/p>\n\n\n\n<p>1968 \u2013 Nace Alejandro Chomski, cineasta argentino.<\/p>\n\n\n\n<p>1979 \u2013 Nace Sebasti\u00e1n Bl\u00e1zquez, futbolista argentino.<\/p>\n\n\n\n<p>1983\n \u2013 Se estrella cerca del aeropuerto de Madrid un Boeing 747 de la \ncompa\u00f1\u00eda a\u00e9rea colombiana Avianca: mueren 183 personas y sobreviven \nonce.<\/p>\n\n\n\n<p>1984 \u2013 Acuerdo hispano-brit\u00e1nico sobre Gibraltar: Gran Breta\u00f1a acepta por primera vez discutir cuestiones de soberan\u00eda.<\/p>\n\n\n\n<p>1986 \u2013 Nace Gabriel Hauche, futbolista argentino.<\/p>\n\n\n\n<p>1987\n \u2013 Se re\u00fanen en Acapulco (M\u00e9xico) los presidentes de ocho pa\u00edses de \nIberoam\u00e9rica y queda institucionalizado el llamado \u00abGrupo de los ocho\u00bb.<\/p>\n\n\n\n<p>1988 \u2013 Muere John Carradine, actor estadounidense.<\/p>\n\n\n\n<p>1989 \u2013 El rey Husein de Jordania inaugura la primera sesi\u00f3n del nuevo Parlamento.<\/p>\n\n\n\n<p>2002 \u2013 Muere Federico Jorge Klemm, artista y cr\u00edtico argentino de origen checoslovaco.<\/p>\n\n\n\n<p>2004 \u2013 Muere Alberto Salinas, dibujante de historietas argentino.<\/p>\n\n\n\n<p>2004 \u2013 Muere David Ratto, publicista argentino.<\/p>\n\n\n\n<p>2005 \u2013 Muere Menchu Quesada, actriz argentina.<\/p>\n\n\n\n<p>2011 \u2013 Muere Ken Russell, director de cine brit\u00e1nico.<\/p>\n\n\n\n<p>2011 \u2013 Muere Eugenia Sacerdote de Lustig, m\u00e9dica italo-argentina.<\/p>\n\n\n\n<p>2016 \u2013 Argentina gana por primera vez la Copa Davis.<\/p>\n\n\n\n<p>2018 \u2013 Muere Pier Fritzsche bailar\u00edn argentino.<\/p>\n","protected":false},"excerpt":{"rendered":"<p>\u2013 D\u00eda del Trabajador Previsional Argentino 1701 \u2013 Nace Anders Celsius, astr\u00f3nomo suizo. 1818 \u2013&nbsp;El general Juan Ram\u00f3n Gonz\u00e1lez Balcarce vence al general Estanislao L\u00f3pez en el Paso de Aguirre, sobre el r\u00edo Salado. 1835 \u2013&nbsp;Eustaquio Medina depone al gobernador de Jujuy, coronel de la Independencia Ferm\u00edn Quintana, y se apodera de la ciudad. 1868&hellip;<\/p>\n","protected":false},"author":1,"featured_media":0,"comment_status":"open","ping_status":"open","sticky":false,"template":"","format":"standard","meta":{"footnotes":""},"categories":[14],"tags":[],"class_list":["post-91450","post","type-post","status-publish","format-standard","hentry","category-efemerides"],"_links":{"self":[{"href":"https:\/\/www.elsindical.com.ar\/notas\/wp-json\/wp\/v2\/posts\/91450","targetHints":{"allow":["GET"]}}],"collection":[{"href":"https:\/\/www.elsindical.com.ar\/notas\/wp-json\/wp\/v2\/posts"}],"about":[{"href":"https:\/\/www.elsindical.com.ar\/notas\/wp-json\/wp\/v2\/types\/post"}],"author":[{"embeddable":true,"href":"https:\/\/www.elsindical.com.ar\/notas\/wp-json\/wp\/v2\/users\/1"}],"replies":[{"embeddable":true,"href":"https:\/\/www.elsindical.com.ar\/notas\/wp-json\/wp\/v2\/comments?post=91450"}],"version-history":[{"count":1,"href":"https:\/\/www.elsindical.com.ar\/notas\/wp-json\/wp\/v2\/posts\/91450\/revisions"}],"predecessor-version":[{"id":91451,"href":"https:\/\/www.elsindical.com.ar\/notas\/wp-json\/wp\/v2\/posts\/91450\/revisions\/91451"}],"wp:attachment":[{"href":"https:\/\/www.elsindical.com.ar\/notas\/wp-json\/wp\/v2\/media?parent=91450"}],"wp:term":[{"taxonomy":"category","embeddable":true,"href":"https:\/\/www.elsindical.com.ar\/notas\/wp-json\/wp\/v2\/categories?post=91450"},{"taxonomy":"post_tag","embeddable":true,"href":"https:\/\/www.elsindical.com.ar\/notas\/wp-json\/wp\/v2\/tags?post=91450"}],"curies":[{"name":"wp","href":"https:\/\/api.w.org\/{rel}","templated":true}]}}