{"id":91448,"date":"2019-11-26T15:35:47","date_gmt":"2019-11-26T18:35:47","guid":{"rendered":"http:\/\/www.elsindical.com.ar\/notas\/?p=91448"},"modified":"2019-11-26T15:35:47","modified_gmt":"2019-11-26T18:35:47","slug":"asunto-larreta-vuelve-a-cerrarle-la-puerta-a-las-familias-que-quieren-ir-a-la-escuela-publica","status":"publish","type":"post","link":"https:\/\/www.elsindical.com.ar\/notas\/asunto-larreta-vuelve-a-cerrarle-la-puerta-a-las-familias-que-quieren-ir-a-la-escuela-publica\/","title":{"rendered":"Asunto: Larreta vuelve a cerrarle la puerta a las familias que quieren ir a la escuela p\u00fablica"},"content":{"rendered":"\n<figure class=\"wp-block-image size-large is-resized\"><img loading=\"lazy\" decoding=\"async\" src=\"http:\/\/www.elsindical.com.ar\/notas\/var\/www\/html\/notas\/wp-content\/uploads\/2019\/05\/cabeceracomunicado.jpg\" alt=\"\" class=\"wp-image-87031\" width=\"593\" height=\"89\" srcset=\"https:\/\/www.elsindical.com.ar\/notas\/var\/www\/html\/notas\/wp-content\/uploads\/2019\/05\/cabeceracomunicado.jpg 660w, https:\/\/www.elsindical.com.ar\/notas\/var\/www\/html\/notas\/wp-content\/uploads\/2019\/05\/cabeceracomunicado-300x45.jpg 300w, https:\/\/www.elsindical.com.ar\/notas\/var\/www\/html\/notas\/wp-content\/uploads\/2019\/05\/cabeceracomunicado-500x76.jpg 500w\" sizes=\"auto, (max-width: 593px) 100vw, 593px\" \/><\/figure>\n\n\n\n<figure class=\"wp-block-table\"><table class=\"\"><tbody><tr><td>                                         Como cada fin  de a\u00f1o, miles de ni\u00f1os y ni\u00f1as se quedan sin su vacante para el a\u00f1o  pr\u00f3ximo en las escuelas p\u00fablicas de la Ciudad. Los datos que se  empezaron a conocer este fin de semana sobre asignaci\u00f3n de vacantes  muestran que en 2019 se profundizar\u00e1 su falta en la Ciudad de Buenos  Aires por la reducci\u00f3n de la inversi\u00f3n en educaci\u00f3n y la ca\u00edda en  t\u00e9rminos reales del presupuesto educativo. Si a esto le sumamos que,  producto de la crisis econ\u00f3mica y la disminuci\u00f3n del poder adquisitivo,  cada vez m\u00e1s familias intentan conseguir una vacante para sus hijos en  la escuela p\u00fablica y que los costos de las instituciones privadas se  vuelven impagables, el aumento de la demanda de vacantes har\u00e1 que sean  cada vez m\u00e1s los ni\u00f1os y las ni\u00f1as en listas de espera.                                                             Lamentablemente  el Gobierno de Larreta sigue vulnerando un derecho consagrado en la  Constituci\u00f3n de la Ciudad que establece la universalidad. Esta realidad  que se repite desde hace a\u00f1os en el distrito m\u00e1s rico del pa\u00eds se  profundiz\u00f3 desde que gobierna el macrismo en la Ciudad. La situaci\u00f3n no  es una consecuencia no deseada de sus pol\u00edticas. Se inscribe en la l\u00ednea  de \u00abdesescolarizaci\u00f3n\u00bb que promueve el neoliberalismo en educaci\u00f3n y el  mejor ejemplo de ello es el intento de cierre de las escuelas nocturnas  o del Jard\u00edn Maternal en el Ramos Mej\u00eda.                                                             Desde UTE  exigimos que la gesti\u00f3n porte\u00f1a respete el art\u00edculo 24 de la  Constituci\u00f3n de la Ciudad y garantice el acceso a la educaci\u00f3n estatal a  todas las familias que la elijan. Para ello es necesario aumentar el  presupuesto y la inversi\u00f3n en la educaci\u00f3n p\u00fablica de la CABA. Adem\u00e1s,  denunciamos que el Ministerio de Educaci\u00f3n no cumple con asegurar  vacantes en escuelas p\u00fablicas a hijos o hijas de docentes de escuelas de  gesti\u00f3n estatal en la Ciudad tal como establece el Estatuto. Por ello,  convocamos a las y los docentes que han tenido inconvenientes con la  asignaci\u00f3n de vacantes para sus hijxs a acercarse a la UTE, Bartolom\u00e9  Mitre 1984, el jueves 12 de diciembre a las 17 horas a una reuni\u00f3n en la  que se definir\u00e1n acciones a seguir para garantizar ese derecho.                                                             <br>                                                             <br>Buenos Aires, lunes 25 de noviembre de 2019.                                                           Eduardo L\u00f3pez &#8211; Secretario General UTE \u2013 CTERA                   <br>Mariano Denegris &#8211; Secretario de Comunicaci\u00f3n UTE &#8211; CTERA                                   <\/td><\/tr><\/tbody><\/table><\/figure>\n\n\n\n<figure class=\"wp-block-table\"><table class=\"\"><tbody><tr><td>                                   <br>                  Contactos\u00a0 Prensa UTE: <br>Marcelo Bruno 1535728500\u00a0 \/\u00a0 Javier Vogel 1534321007                  Secretario de Comunicaci\u00f3n UTE: Mariano Denegris1552406003                 <\/td><\/tr><\/tbody><\/table><\/figure>\n","protected":false},"excerpt":{"rendered":"<p>Como cada fin de a\u00f1o, miles de ni\u00f1os y ni\u00f1as se quedan sin su vacante para el a\u00f1o pr\u00f3ximo en las escuelas p\u00fablicas de la Ciudad. Los datos que se empezaron a conocer este fin de semana sobre asignaci\u00f3n de vacantes muestran que en 2019 se profundizar\u00e1 su falta en la Ciudad de Buenos Aires&hellip;<\/p>\n","protected":false},"author":1,"featured_media":87031,"comment_status":"open","ping_status":"open","sticky":false,"template":"","format":"standard","meta":{"footnotes":""},"categories":[16],"tags":[7128,1291,1943,777],"class_list":["post-91448","post","type-post","status-publish","format-standard","has-post-thumbnail","hentry","category-gremiales","tag-escuelas-publicas","tag-familias","tag-horacio-rodriguez-larreta","tag-ute"],"_links":{"self":[{"href":"https:\/\/www.elsindical.com.ar\/notas\/wp-json\/wp\/v2\/posts\/91448","targetHints":{"allow":["GET"]}}],"collection":[{"href":"https:\/\/www.elsindical.com.ar\/notas\/wp-json\/wp\/v2\/posts"}],"about":[{"href":"https:\/\/www.elsindical.com.ar\/notas\/wp-json\/wp\/v2\/types\/post"}],"author":[{"embeddable":true,"href":"https:\/\/www.elsindical.com.ar\/notas\/wp-json\/wp\/v2\/users\/1"}],"replies":[{"embeddable":true,"href":"https:\/\/www.elsindical.com.ar\/notas\/wp-json\/wp\/v2\/comments?post=91448"}],"version-history":[{"count":1,"href":"https:\/\/www.elsindical.com.ar\/notas\/wp-json\/wp\/v2\/posts\/91448\/revisions"}],"predecessor-version":[{"id":91449,"href":"https:\/\/www.elsindical.com.ar\/notas\/wp-json\/wp\/v2\/posts\/91448\/revisions\/91449"}],"wp:featuredmedia":[{"embeddable":true,"href":"https:\/\/www.elsindical.com.ar\/notas\/wp-json\/wp\/v2\/media\/87031"}],"wp:attachment":[{"href":"https:\/\/www.elsindical.com.ar\/notas\/wp-json\/wp\/v2\/media?parent=91448"}],"wp:term":[{"taxonomy":"category","embeddable":true,"href":"https:\/\/www.elsindical.com.ar\/notas\/wp-json\/wp\/v2\/categories?post=91448"},{"taxonomy":"post_tag","embeddable":true,"href":"https:\/\/www.elsindical.com.ar\/notas\/wp-json\/wp\/v2\/tags?post=91448"}],"curies":[{"name":"wp","href":"https:\/\/api.w.org\/{rel}","templated":true}]}}