{"id":9135,"date":"2010-09-01T02:08:23","date_gmt":"2010-09-01T05:08:23","guid":{"rendered":"http:\/\/www.elsindical.com.ar\/notas\/?p=9135"},"modified":"2010-09-01T02:08:23","modified_gmt":"2010-09-01T05:08:23","slug":"dos-abogados-anti-k-al-consejo-de-magistratura","status":"publish","type":"post","link":"https:\/\/www.elsindical.com.ar\/notas\/dos-abogados-anti-k-al-consejo-de-magistratura\/","title":{"rendered":"Dos abogados anti K al Consejo de Magistratura"},"content":{"rendered":"<p style=\"text-align: justify;\"><em><a href=\"http:\/\/www.elsindical.com.ar\/notas\/var\/www\/html\/notas\/wp-content\/uploads\/2010\/09\/Alejandro-Fargosi-y-Juan-Pa.jpg\"><img loading=\"lazy\" decoding=\"async\" class=\"alignleft size-medium wp-image-9136\" title=\"Alejandro-Fargosi-y-Juan-Pa\" src=\"http:\/\/www.elsindical.com.ar\/notas\/var\/www\/html\/notas\/wp-content\/uploads\/2010\/09\/Alejandro-Fargosi-y-Juan-Pa-300x128.jpg\" alt=\"\" width=\"300\" height=\"128\" srcset=\"https:\/\/www.elsindical.com.ar\/notas\/var\/www\/html\/notas\/wp-content\/uploads\/2010\/09\/Alejandro-Fargosi-y-Juan-Pa-300x128.jpg 300w, https:\/\/www.elsindical.com.ar\/notas\/var\/www\/html\/notas\/wp-content\/uploads\/2010\/09\/Alejandro-Fargosi-y-Juan-Pa.jpg 325w\" sizes=\"auto, (max-width: 300px) 100vw, 300px\" \/><\/a>Alejandro Fargosi y Juan Pablo Zanetta (foto) fueron elegidos para representar a los letrados porte\u00f1os en el pol\u00e9mico cuerpo judicial. Prometen \u00abalejar al Consejo de presiones pol\u00edticas\u00bb.<\/em><\/p>\n<p style=\"text-align: justify;\">Los <strong>abogados Alejandro Fargosi y Juan Pablo Zanetta<\/strong> fueron elegidos hoy para representar a los letrados porte\u00f1os en el Consejo de la Magistratura de la Naci\u00f3n. Fargosi y Zanetta, al frente de la lista \u00abCambio Pluralista por una Justicia Independiente\u00bb, lograron, seg\u00fan las cifras difundidas esta noche, <strong>5.936 votos contra 2.899 de \u00abGente de Derecho\u00bb,<\/strong> que postulaba al ex presidente del Colegio P\u00fablico de Abogados de la Capital Federal <strong>Jorge Rizzo.<\/strong><\/p>\n<p style=\"text-align: justify;\">Ambos letrados electos formaron una coalici\u00f3n de <strong>perfil antikirchnerista<\/strong> que estableci\u00f3 un acuerdo a trav\u00e9s del cual Fargosi ejercer\u00e1 la representaci\u00f3n los primeros dos a\u00f1os de mandato y Zanetta lo har\u00e1 en los dos restantes. En tercer lugar se situ\u00f3 la lista que postulaba a <strong>Beinusz Szmukler<\/strong>, ex consejero de la magistratura, que cosech\u00f3 1.021 sufragios.<\/p>\n<p style=\"text-align: justify;\">\u00abTriunf\u00f3 la propuesta de profesionalizar el Consejo de la Magistratura <strong>alej\u00e1ndolo de las presiones pol\u00edticas<\/strong>, poni\u00e9ndole <strong>coto a los malos jueces,<\/strong> acelerando los juicios pendientes para que no haya una espada de Damocles sobre los magistrados en esa situaci\u00f3n y tambi\u00e9n el inicio de los procesos que correspondan\u00bb, dijo Fargosi.<\/p>\n<p style=\"text-align: justify;\">El abogado adelant\u00f3 que otro objetivo es <strong>\u00abacelerar los concursos\u00bb<\/strong> para la designaci\u00f3n de jueces <strong>\u00aby terminar con los cambios de orden de m\u00e9rito, donde el que sale primero termina \u00faltimo por cuestiones pol\u00edticas\u00bb.\u00a0<\/strong><\/p>\n<p style=\"text-align: justify;\">Otra de las iniciativas es el impulso de <strong>\u00abla figura del defensor del litigante<\/strong> y que haya una interacci\u00f3n inmediata entre los abogados de la Ciudad de Buenos Aires y el Consejo de la Magistratura\u00bb. Finalmente se\u00f1al\u00f3\u00a0 que \u00aben la Justicia, y esto alcanza por supuesto a los jueces, para ser respetado hay que ser respetable; adem\u00e1s tiene que haber jueces seguros para que haya seguridad jur\u00eddica\u00bb.<\/p>\n<p style=\"text-align: justify;\">Fuente: DyN<\/p>\n","protected":false},"excerpt":{"rendered":"<p>Alejandro Fargosi y Juan Pablo Zanetta (foto) fueron elegidos para representar a los letrados porte\u00f1os en el pol\u00e9mico cuerpo judicial. Prometen \u00abalejar al Consejo de presiones pol\u00edticas\u00bb. Los abogados Alejandro Fargosi y Juan Pablo Zanetta fueron elegidos hoy para representar a los letrados porte\u00f1os en el Consejo de la Magistratura de la Naci\u00f3n. Fargosi y&hellip;<\/p>\n","protected":false},"author":1,"featured_media":0,"comment_status":"open","ping_status":"open","sticky":false,"template":"","format":"standard","meta":{"footnotes":""},"categories":[13],"tags":[4468,4471,4470,759,4469],"class_list":["post-9135","post","type-post","status-publish","format-standard","hentry","category-politica","tag-alejandro-fargosi","tag-beinusz-szmukler","tag-colegio-de-abogados-capital-federal","tag-jorge-rizzo","tag-juan-pablo-zanetta"],"_links":{"self":[{"href":"https:\/\/www.elsindical.com.ar\/notas\/wp-json\/wp\/v2\/posts\/9135","targetHints":{"allow":["GET"]}}],"collection":[{"href":"https:\/\/www.elsindical.com.ar\/notas\/wp-json\/wp\/v2\/posts"}],"about":[{"href":"https:\/\/www.elsindical.com.ar\/notas\/wp-json\/wp\/v2\/types\/post"}],"author":[{"embeddable":true,"href":"https:\/\/www.elsindical.com.ar\/notas\/wp-json\/wp\/v2\/users\/1"}],"replies":[{"embeddable":true,"href":"https:\/\/www.elsindical.com.ar\/notas\/wp-json\/wp\/v2\/comments?post=9135"}],"version-history":[{"count":1,"href":"https:\/\/www.elsindical.com.ar\/notas\/wp-json\/wp\/v2\/posts\/9135\/revisions"}],"predecessor-version":[{"id":9137,"href":"https:\/\/www.elsindical.com.ar\/notas\/wp-json\/wp\/v2\/posts\/9135\/revisions\/9137"}],"wp:attachment":[{"href":"https:\/\/www.elsindical.com.ar\/notas\/wp-json\/wp\/v2\/media?parent=9135"}],"wp:term":[{"taxonomy":"category","embeddable":true,"href":"https:\/\/www.elsindical.com.ar\/notas\/wp-json\/wp\/v2\/categories?post=9135"},{"taxonomy":"post_tag","embeddable":true,"href":"https:\/\/www.elsindical.com.ar\/notas\/wp-json\/wp\/v2\/tags?post=9135"}],"curies":[{"name":"wp","href":"https:\/\/api.w.org\/{rel}","templated":true}]}}