{"id":91338,"date":"2019-11-21T20:24:16","date_gmt":"2019-11-21T23:24:16","guid":{"rendered":"http:\/\/www.elsindical.com.ar\/notas\/?p=91338"},"modified":"2019-11-21T20:24:16","modified_gmt":"2019-11-21T23:24:16","slug":"avellaneda-insegura-el-relato-en-primera-persona","status":"publish","type":"post","link":"https:\/\/www.elsindical.com.ar\/notas\/avellaneda-insegura-el-relato-en-primera-persona\/","title":{"rendered":"Avellaneda insegura, el relato en primera persona"},"content":{"rendered":"\n<figure class=\"wp-block-image size-large\"><img loading=\"lazy\" decoding=\"async\" width=\"974\" height=\"461\" src=\"http:\/\/www.elsindical.com.ar\/notas\/var\/www\/html\/notas\/wp-content\/uploads\/2019\/11\/reclamo-de-seguridad-en-Gerli.jpg\" alt=\"\" class=\"wp-image-91339\" srcset=\"https:\/\/www.elsindical.com.ar\/notas\/var\/www\/html\/notas\/wp-content\/uploads\/2019\/11\/reclamo-de-seguridad-en-Gerli.jpg 974w, https:\/\/www.elsindical.com.ar\/notas\/var\/www\/html\/notas\/wp-content\/uploads\/2019\/11\/reclamo-de-seguridad-en-Gerli-300x142.jpg 300w, https:\/\/www.elsindical.com.ar\/notas\/var\/www\/html\/notas\/wp-content\/uploads\/2019\/11\/reclamo-de-seguridad-en-Gerli-768x363.jpg 768w, https:\/\/www.elsindical.com.ar\/notas\/var\/www\/html\/notas\/wp-content\/uploads\/2019\/11\/reclamo-de-seguridad-en-Gerli-500x237.jpg 500w\" sizes=\"auto, (max-width: 974px) 100vw, 974px\" \/><\/figure>\n\n\n\n<p class=\"wp-block-paragraph\">  Finalmente un reducido grupo de vecinos por el horario, pasadas las 17:00 hs se convocaron en la esquina de las calles Heredia y Reconquista del barrio de Gerli para denunciar frente al destacamento de la Polic\u00eda Local una ola de robos en las inmediaciones.<\/p>\n\n\n\n<p class=\"wp-block-paragraph\">Los principales reclamos fueron al intendente de Avellaneda Jorge Ferraresi por el mal funcionamiento de las alarmas comunitarias y las c\u00e1maras de seguridad, a la Fiscal de menores por la inacci\u00f3n respecto del menor Alexis Dami\u00e1n P. conocido como Chuky, <a href=\"https:\/\/www.elsindical.com.ar\/notas\/avellaneda-vuelven-a-demorar-a-chuky-en-gerli\/\">quien ya fuera demorado en Gerli <\/a>por ingresar a un domicilio, a pesar de que registra m\u00e1s de 40 ingresos por delitos en las comisar\u00edas de Avellaneda, para la justicia de Responsabilidad Juvenil de Lomas de Zamora, no hay m\u00e9rito para que permanezca privado de su libertad, entre los delitos cometidos hay varios con armas de fuego y violentos para con las v\u00edctimas.<\/p>\n\n\n\n<p class=\"wp-block-paragraph\">M\u00e1s tarde el titular de la comisar\u00eda 6ta de Avellaneda se reunir\u00eda con el matrimonio para escucharlos e informarles sobre los avances de la investigaci\u00f3n.<\/p>\n\n\n\n<iframe loading=\"lazy\" width=\"580\" height=\"420\" src=\"https:\/\/www.youtube.com\/embed\/h2rhFlBEq_g\" frameborder=\"0\" allow=\"accelerometer; autoplay; encrypted-media; gyroscope; picture-in-picture\" allowfullscreen><\/iframe>\n","protected":false},"excerpt":{"rendered":"<p>Finalmente un reducido grupo de vecinos por el horario, pasadas las 17:00 hs se convocaron en la esquina de las calles Heredia y Reconquista del barrio de Gerli para denunciar frente al destacamento de la Polic\u00eda Local una ola de robos en las inmediaciones. Los principales reclamos fueron al intendente de Avellaneda Jorge Ferraresi por&hellip;<\/p>\n","protected":false},"author":1,"featured_media":91339,"comment_status":"open","ping_status":"open","sticky":false,"template":"","format":"standard","meta":{"footnotes":""},"categories":[25],"tags":[461,581,1662,984,252,28254],"class_list":["post-91338","post","type-post","status-publish","format-standard","has-post-thumbnail","hentry","category-sociedad","tag-avellaneda","tag-delincuentes","tag-gerli","tag-inseguridad","tag-menores","tag-policia-local-avellaneda"],"_links":{"self":[{"href":"https:\/\/www.elsindical.com.ar\/notas\/wp-json\/wp\/v2\/posts\/91338","targetHints":{"allow":["GET"]}}],"collection":[{"href":"https:\/\/www.elsindical.com.ar\/notas\/wp-json\/wp\/v2\/posts"}],"about":[{"href":"https:\/\/www.elsindical.com.ar\/notas\/wp-json\/wp\/v2\/types\/post"}],"author":[{"embeddable":true,"href":"https:\/\/www.elsindical.com.ar\/notas\/wp-json\/wp\/v2\/users\/1"}],"replies":[{"embeddable":true,"href":"https:\/\/www.elsindical.com.ar\/notas\/wp-json\/wp\/v2\/comments?post=91338"}],"version-history":[{"count":1,"href":"https:\/\/www.elsindical.com.ar\/notas\/wp-json\/wp\/v2\/posts\/91338\/revisions"}],"predecessor-version":[{"id":91340,"href":"https:\/\/www.elsindical.com.ar\/notas\/wp-json\/wp\/v2\/posts\/91338\/revisions\/91340"}],"wp:featuredmedia":[{"embeddable":true,"href":"https:\/\/www.elsindical.com.ar\/notas\/wp-json\/wp\/v2\/media\/91339"}],"wp:attachment":[{"href":"https:\/\/www.elsindical.com.ar\/notas\/wp-json\/wp\/v2\/media?parent=91338"}],"wp:term":[{"taxonomy":"category","embeddable":true,"href":"https:\/\/www.elsindical.com.ar\/notas\/wp-json\/wp\/v2\/categories?post=91338"},{"taxonomy":"post_tag","embeddable":true,"href":"https:\/\/www.elsindical.com.ar\/notas\/wp-json\/wp\/v2\/tags?post=91338"}],"curies":[{"name":"wp","href":"https:\/\/api.w.org\/{rel}","templated":true}]}}