{"id":91239,"date":"2019-11-19T02:43:40","date_gmt":"2019-11-19T05:43:40","guid":{"rendered":"http:\/\/www.elsindical.com.ar\/notas\/?p=91239"},"modified":"2019-11-19T02:43:40","modified_gmt":"2019-11-19T05:43:40","slug":"florencio-varela-se-realizo-la-tercera-exposicion-de-autos-solidaria","status":"publish","type":"post","link":"https:\/\/www.elsindical.com.ar\/notas\/florencio-varela-se-realizo-la-tercera-exposicion-de-autos-solidaria\/","title":{"rendered":"Florencio Varela: Se realiz\u00f3 la tercera exposici\u00f3n de autos solidaria"},"content":{"rendered":"\n<div class=\"wp-block-image\"><figure class=\"aligncenter size-large\"><img loading=\"lazy\" decoding=\"async\" width=\"960\" height=\"960\" src=\"http:\/\/www.elsindical.com.ar\/notas\/var\/www\/html\/notas\/wp-content\/uploads\/2019\/11\/Varela-al-Piso-noviembre.jpg\" alt=\"\" class=\"wp-image-91240\" srcset=\"https:\/\/www.elsindical.com.ar\/notas\/var\/www\/html\/notas\/wp-content\/uploads\/2019\/11\/Varela-al-Piso-noviembre.jpg 960w, https:\/\/www.elsindical.com.ar\/notas\/var\/www\/html\/notas\/wp-content\/uploads\/2019\/11\/Varela-al-Piso-noviembre-300x300.jpg 300w, https:\/\/www.elsindical.com.ar\/notas\/var\/www\/html\/notas\/wp-content\/uploads\/2019\/11\/Varela-al-Piso-noviembre-150x150.jpg 150w, https:\/\/www.elsindical.com.ar\/notas\/var\/www\/html\/notas\/wp-content\/uploads\/2019\/11\/Varela-al-Piso-noviembre-768x768.jpg 768w, https:\/\/www.elsindical.com.ar\/notas\/var\/www\/html\/notas\/wp-content\/uploads\/2019\/11\/Varela-al-Piso-noviembre-50x50.jpg 50w\" sizes=\"auto, (max-width: 960px) 100vw, 960px\" \/><\/figure><\/div>\n\n\n\n<p class=\"wp-block-paragraph\"> El domingo 17, de 13 a 19, en la sede de la UNAJ se desarroll\u00f3 una  exposici\u00f3n solidaria y el valor de la entrada fue un alimento no  perecedero y\/o un bien \u00fatil. Se expusieron autos modificados, tunning,  cl\u00e1sicos y de competici\u00f3n. <\/p>\n\n\n\n<p class=\"wp-block-paragraph\">Con la finalidad de recolectar alimentos y todo lo que se pueda aportar a  comedores comunitarios, se realiz\u00f3 la tercera edici\u00f3n \u201cVarela Al  Piso\u201d  el domingo 17 de noviembre, de 13 a 19, en la Universidad  Nacional Arturo Jauretche (UNAJ), ubicada en Av. Calchaqu\u00ed N\u00ba 6200. <\/p>\n\n\n\n<p class=\"wp-block-paragraph\">Tras varias postergaciones debido a cuestiones clim\u00e1ticas, la exposici\u00f3n  de autos modificados, tunning, cl\u00e1sicos y de competici\u00f3n se pudo llevar  adelante con una amplia participaci\u00f3n de autos y p\u00fablico. <\/p>\n\n\n\n<p class=\"wp-block-paragraph\">\u201cEl evento tuvo m\u00faltiples actividades para entretener a los expositores y  al p\u00fablico asistente como \u00b4Limbo con autos\u00b4, \u00b4Competencia de Audio\u00b4,  \u00b4Servicios de barber\u00eda solidaria\u00b4 y entrega de diplomas\u201d, detallo Kevin  San Vicente representante del grupo de j\u00f3venes organizadores de una  iniciativa que cont\u00f3 con el acompa\u00f1amiento del Municipio. <\/p>\n\n\n\n<p class=\"wp-block-paragraph\">Lo recaudado se repartir\u00e1 entre los merenderos: \u201cDo\u00f1a Ramona\u201d de  Ingeniero Allan, \u201cEvita madre de los humildes\u201d de La Carolina 2 y \u201cLos  chicos de San Francisco\u201d de San Francisco y a la Asociaci\u00f3n Civil \u201cTodo  va a estar bien\u201d de Ricardo Rojas. <\/p>\n\n\n\n<iframe loading=\"lazy\" width=\"580\" height=\"420\" src=\"https:\/\/www.youtube.com\/embed\/1SMeIfZ1eZQ\" frameborder=\"0\" allow=\"accelerometer; autoplay; encrypted-media; gyroscope; picture-in-picture\" allowfullscreen><\/iframe>\n","protected":false},"excerpt":{"rendered":"<p>El domingo 17, de 13 a 19, en la sede de la UNAJ se desarroll\u00f3 una exposici\u00f3n solidaria y el valor de la entrada fue un alimento no perecedero y\/o un bien \u00fatil. Se expusieron autos modificados, tunning, cl\u00e1sicos y de competici\u00f3n. Con la finalidad de recolectar alimentos y todo lo que se pueda aportar&hellip;<\/p>\n","protected":false},"author":1,"featured_media":91240,"comment_status":"open","ping_status":"open","sticky":false,"template":"","format":"standard","meta":{"footnotes":""},"categories":[26],"tags":[31492,31842,31729,1307,31490,31835],"class_list":["post-91239","post","type-post","status-publish","format-standard","has-post-thumbnail","hentry","category-solidaridad","tag-206fullblack","tag-206xsnegro","tag-evento-solidario","tag-florencio-varela","tag-peugeot-206-xs-premium-full-black","tag-varela-al-piso"],"_links":{"self":[{"href":"https:\/\/www.elsindical.com.ar\/notas\/wp-json\/wp\/v2\/posts\/91239","targetHints":{"allow":["GET"]}}],"collection":[{"href":"https:\/\/www.elsindical.com.ar\/notas\/wp-json\/wp\/v2\/posts"}],"about":[{"href":"https:\/\/www.elsindical.com.ar\/notas\/wp-json\/wp\/v2\/types\/post"}],"author":[{"embeddable":true,"href":"https:\/\/www.elsindical.com.ar\/notas\/wp-json\/wp\/v2\/users\/1"}],"replies":[{"embeddable":true,"href":"https:\/\/www.elsindical.com.ar\/notas\/wp-json\/wp\/v2\/comments?post=91239"}],"version-history":[{"count":1,"href":"https:\/\/www.elsindical.com.ar\/notas\/wp-json\/wp\/v2\/posts\/91239\/revisions"}],"predecessor-version":[{"id":91241,"href":"https:\/\/www.elsindical.com.ar\/notas\/wp-json\/wp\/v2\/posts\/91239\/revisions\/91241"}],"wp:featuredmedia":[{"embeddable":true,"href":"https:\/\/www.elsindical.com.ar\/notas\/wp-json\/wp\/v2\/media\/91240"}],"wp:attachment":[{"href":"https:\/\/www.elsindical.com.ar\/notas\/wp-json\/wp\/v2\/media?parent=91239"}],"wp:term":[{"taxonomy":"category","embeddable":true,"href":"https:\/\/www.elsindical.com.ar\/notas\/wp-json\/wp\/v2\/categories?post=91239"},{"taxonomy":"post_tag","embeddable":true,"href":"https:\/\/www.elsindical.com.ar\/notas\/wp-json\/wp\/v2\/tags?post=91239"}],"curies":[{"name":"wp","href":"https:\/\/api.w.org\/{rel}","templated":true}]}}