{"id":91225,"date":"2019-11-18T09:13:44","date_gmt":"2019-11-18T12:13:44","guid":{"rendered":"http:\/\/www.elsindical.com.ar\/notas\/?p=91225"},"modified":"2019-11-18T09:13:44","modified_gmt":"2019-11-18T12:13:44","slug":"terrabusi-presento-proceso-preventivo-de-crisis-y-suspendera-a-500-operarios","status":"publish","type":"post","link":"https:\/\/www.elsindical.com.ar\/notas\/terrabusi-presento-proceso-preventivo-de-crisis-y-suspendera-a-500-operarios\/","title":{"rendered":"Terrabusi present\u00f3 proceso preventivo de crisis y suspender\u00e1 a 500 operarios"},"content":{"rendered":"\n<figure class=\"wp-block-image size-large is-resized\"><img loading=\"lazy\" decoding=\"async\" src=\"http:\/\/www.elsindical.com.ar\/notas\/var\/www\/html\/notas\/wp-content\/uploads\/2019\/11\/Mondelez.jpg\" alt=\"\" class=\"wp-image-91226\" width=\"589\" height=\"445\" srcset=\"https:\/\/www.elsindical.com.ar\/notas\/var\/www\/html\/notas\/wp-content\/uploads\/2019\/11\/Mondelez.jpg 800w, https:\/\/www.elsindical.com.ar\/notas\/var\/www\/html\/notas\/wp-content\/uploads\/2019\/11\/Mondelez-300x227.jpg 300w, https:\/\/www.elsindical.com.ar\/notas\/var\/www\/html\/notas\/wp-content\/uploads\/2019\/11\/Mondelez-768x581.jpg 768w, https:\/\/www.elsindical.com.ar\/notas\/var\/www\/html\/notas\/wp-content\/uploads\/2019\/11\/Mondelez-397x300.jpg 397w\" sizes=\"auto, (max-width: 589px) 100vw, 589px\" \/><\/figure>\n\n\n\n<p>Suspender\u00eda por seis meses a los trabajadores de la planta de Pacheco y Victoria. La firma produce las marcas Oreo, Tita, Rodhesia, Halls, Beldent, y Milka, entre otros.<\/p>\n\n\n\n<p>Tras varias gestiones ante el gremio y el Gobierno, la filial argentina de la alimenticia Mondelez finalmente abri\u00f3 el Proceso Preventivo de Crisis y se dispone a suspender a 500 operarios casi sobre el arranque del Gobierno de Alberto Fern\u00e1ndez el 10 de diciembre pr\u00f3ximo.<\/p>\n\n\n\n<p>La propuesta de la empresa es suspender por seis meses a 350 trabajadores de la planta de Pacheco, donde se producen las marcas Oreo, Pepitos, Express, Variedad, galletitas Mayco, Tita, Rodhesia y alfajores Milka, Shot y Terrabusi, y 150 de la planta de Victoria, donde se hacen las marcas Halls, Beldent, chocolates Milka y los Palitos de la selva.<\/p>\n\n\n\n<p>En ambos establecimientos se desempe\u00f1an en total m\u00e1s de 2.300 empleados.<\/p>\n\n\n\n<p>Las suspensiones se concretar\u00edan a partir del 1 de diciembre con el pago del 90 por ciento sobre el salario b\u00e1sico, sin incluir premios ni incentivos.<\/p>\n\n\n\n<p>La empresa ya hab\u00eda indicado que \u201cla coyuntura econ\u00f3mica que atraviesa el pa\u00eds afecta de manera directa a la industria de la alimentaci\u00f3n\u201d.<\/p>\n\n\n\n<p>\u201cEn el \u00faltimo periodo se vienen registrando una ca\u00edda en el consumo y desaceleraci\u00f3n en nuestras ventas, con la consecuente acumulaci\u00f3n de stock de productos y reducci\u00f3n de la producci\u00f3n\u201d, se\u00f1al\u00f3.<\/p>\n\n\n\n<p>Ahora dio un paso m\u00e1s al tramitar formalmente el Preventivo de Crisis que le permitir\u00e1 concretar las suspensiones.<\/p>\n\n\n\n<p>Ese Proceso debe ser abierto antes de la comunicaci\u00f3n de despidos o suspensiones que afecten a m\u00e1s del 15% de los trabajadores en empresas de menos de 400; a m\u00e1s del 10% en empresas de entre 400 y 1.000; y a m\u00e1s del 5% en las de m\u00e1s de 1.000.<\/p>\n\n\n\n<p>La compa\u00f1\u00eda advirti\u00f3 que el esquema de suspensiones propuesto es de \u201csobrevivencia\u201d, a la espera de una reactivaci\u00f3n econ\u00f3mica que permita recomponer su situaci\u00f3n sin tener que llegar a concretar despidos.<\/p>\n\n\n\n<p>En los \u00faltimos meses varias alimenticias registraron p\u00e9rdidas por la suba de los costos y la ca\u00edda en las ventas, incluidas Arcor, Unilever y Canale.<\/p>\n\n\n\n<p>Fuente: El Ciudadano<\/p>\n","protected":false},"excerpt":{"rendered":"<p>Suspender\u00eda por seis meses a los trabajadores de la planta de Pacheco y Victoria. La firma produce las marcas Oreo, Tita, Rodhesia, Halls, Beldent, y Milka, entre otros. Tras varias gestiones ante el gremio y el Gobierno, la filial argentina de la alimenticia Mondelez finalmente abri\u00f3 el Proceso Preventivo de Crisis y se dispone a&hellip;<\/p>\n","protected":false},"author":1,"featured_media":91226,"comment_status":"open","ping_status":"open","sticky":false,"template":"","format":"standard","meta":{"footnotes":""},"categories":[28],"tags":[390,18618,1166,4798,65],"class_list":["post-91225","post","type-post","status-publish","format-standard","has-post-thumbnail","hentry","category-empresariales","tag-crisis","tag-operarios","tag-pacheco","tag-suspensiones","tag-terrabusi"],"_links":{"self":[{"href":"https:\/\/www.elsindical.com.ar\/notas\/wp-json\/wp\/v2\/posts\/91225","targetHints":{"allow":["GET"]}}],"collection":[{"href":"https:\/\/www.elsindical.com.ar\/notas\/wp-json\/wp\/v2\/posts"}],"about":[{"href":"https:\/\/www.elsindical.com.ar\/notas\/wp-json\/wp\/v2\/types\/post"}],"author":[{"embeddable":true,"href":"https:\/\/www.elsindical.com.ar\/notas\/wp-json\/wp\/v2\/users\/1"}],"replies":[{"embeddable":true,"href":"https:\/\/www.elsindical.com.ar\/notas\/wp-json\/wp\/v2\/comments?post=91225"}],"version-history":[{"count":1,"href":"https:\/\/www.elsindical.com.ar\/notas\/wp-json\/wp\/v2\/posts\/91225\/revisions"}],"predecessor-version":[{"id":91227,"href":"https:\/\/www.elsindical.com.ar\/notas\/wp-json\/wp\/v2\/posts\/91225\/revisions\/91227"}],"wp:featuredmedia":[{"embeddable":true,"href":"https:\/\/www.elsindical.com.ar\/notas\/wp-json\/wp\/v2\/media\/91226"}],"wp:attachment":[{"href":"https:\/\/www.elsindical.com.ar\/notas\/wp-json\/wp\/v2\/media?parent=91225"}],"wp:term":[{"taxonomy":"category","embeddable":true,"href":"https:\/\/www.elsindical.com.ar\/notas\/wp-json\/wp\/v2\/categories?post=91225"},{"taxonomy":"post_tag","embeddable":true,"href":"https:\/\/www.elsindical.com.ar\/notas\/wp-json\/wp\/v2\/tags?post=91225"}],"curies":[{"name":"wp","href":"https:\/\/api.w.org\/{rel}","templated":true}]}}