{"id":91210,"date":"2019-11-17T10:15:04","date_gmt":"2019-11-17T13:15:04","guid":{"rendered":"http:\/\/www.elsindical.com.ar\/notas\/?p=91210"},"modified":"2019-11-17T10:15:04","modified_gmt":"2019-11-17T13:15:04","slug":"desmintieron-la-renuncia-de-nestor-roncaglia-pero","status":"publish","type":"post","link":"https:\/\/www.elsindical.com.ar\/notas\/desmintieron-la-renuncia-de-nestor-roncaglia-pero\/","title":{"rendered":"Desmintieron la renuncia de N\u00e9stor Roncaglia pero&#8230;"},"content":{"rendered":"\n<figure class=\"wp-block-image size-large\"><img loading=\"lazy\" decoding=\"async\" width=\"750\" height=\"422\" src=\"http:\/\/www.elsindical.com.ar\/notas\/var\/www\/html\/notas\/wp-content\/uploads\/2019\/11\/N\u00e9stor-Roncaglia-Jefe-PFA.jpg\" alt=\"\" class=\"wp-image-91211\" srcset=\"https:\/\/www.elsindical.com.ar\/notas\/var\/www\/html\/notas\/wp-content\/uploads\/2019\/11\/N\u00e9stor-Roncaglia-Jefe-PFA.jpg 750w, https:\/\/www.elsindical.com.ar\/notas\/var\/www\/html\/notas\/wp-content\/uploads\/2019\/11\/N\u00e9stor-Roncaglia-Jefe-PFA-300x169.jpg 300w, https:\/\/www.elsindical.com.ar\/notas\/var\/www\/html\/notas\/wp-content\/uploads\/2019\/11\/N\u00e9stor-Roncaglia-Jefe-PFA-500x281.jpg 500w, https:\/\/www.elsindical.com.ar\/notas\/var\/www\/html\/notas\/wp-content\/uploads\/2019\/11\/N\u00e9stor-Roncaglia-Jefe-PFA-460x260.jpg 460w\" sizes=\"auto, (max-width: 750px) 100vw, 750px\" \/><\/figure>\n\n\n\n<p>  Desde la Jefatura de la PFA, salieron muy r\u00e1pido a desmentir la publicaci\u00f3n del medio <a href=\"https:\/\/realpolitik.com.ar\/nota\/38639\/envuelto-en-un-escandalo-renuncio-nestor-roncaglia\/\">Real Politik<\/a>, sobre la renuncia del Jefe de la Polic\u00eda Federal Argentina, Comisario General N\u00e9stor Roncaglia.<\/p>\n\n\n\n<p>El propio Roncaglia se comunic\u00f3 con el medio Infobae, un medio que m\u00e1s que noticias se dedica a presentar comunicados de las partes interesadas, raz\u00f3n por la cual muchos eligen al mismo para realizar descargos o aclaraciones sabiendo que no van a ser indagados por la veracidad de las denuncias en contra de los acusados.<\/p>\n\n\n\n<p>Seg\u00fan el medio de La Plata, Roncaglia se retiraba para evitar un esc\u00e1ndalo por una supuesta denuncia de acoso sexual contra una mujer polic\u00eda y por sus lazos con jefes narcos.<\/p>\n\n\n\n<p>Seg\u00fan Infobae, Roncaglia presentar\u00e1 su renuncia al cargo el d\u00eda 11 de diciembre una vez asumido el nuevo gobierno y con el cambio de autoridades en el ministerio de seguridad nacional, aclarando que su paso al costado obedece a una nueva ideolog\u00eda en la l\u00ednea de trabajo del gobierno de Alberto Fern\u00e1ndez.<\/p>\n\n\n\n<p>M\u00e1s all\u00e1 de que la nota de Real Politik no detalla hechos puntuales por los cuales se puede inferir exista una sospecha de la transparencia de Roncaglia en cuanto a su trabajo policial, tampoco da indicios sobre la supuesta v\u00edctima de acoso.<\/p>\n\n\n\n<p>Roncaglia ha sabido moverse con cintura durante su carrera policial, pasando por distintos gobiernos sin despertar sospechas o inter\u00e9s en investigarlo, muchos de los procedimientos de los que particip\u00f3 en sus destinos policiales podr\u00edan ser objetados y hasta rendir cuentas en la justicia, pero eso nunca ocurri\u00f3, como tampoco nunca qued\u00f3 claro y demostrada su inocencia en denuncias cuando junto al Juez Oyarbide allanaban \u00abcuevas financieras\u00bb, a nadie jam\u00e1s le despert\u00f3 curiosidad el patrimonio que en forma mete\u00f3rica supo acrecentar y hasta su ascenso a Jefe de la Polic\u00eda Federal Argentina fue espurio.<\/p>\n\n\n\n<p>Era el mejor jefe para designar, alguien pol\u00edticamente correcto y a la vez vulnerable como para conseguir un Jefe que no se oponga y por el contrario apoye y colabore con el traspaso de gran parte de la Polic\u00eda Federal Argentina a la Polic\u00eda de La Ciudad, como en casi todo lo que hizo el macrismo, ac\u00e1 tampoco se respetaron derechos adquiridos y muchos se vieron perjudicados laboralmente por el traspaso compulsivo.<\/p>\n\n\n\n<p>Si Roncaglia se va hoy o el 11 de diciembre es irrelevante, lo grave es que otro Jefe de la Polic\u00eda Federal Argentina se va sin rendir cuentas a la sociedad.<\/p>\n\n\n\n<p>Por Marcelo Ricardo Hawrylciw<\/p>\n","protected":false},"excerpt":{"rendered":"<p>Desde la Jefatura de la PFA, salieron muy r\u00e1pido a desmentir la publicaci\u00f3n del medio Real Politik, sobre la renuncia del Jefe de la Polic\u00eda Federal Argentina, Comisario General N\u00e9stor Roncaglia. El propio Roncaglia se comunic\u00f3 con el medio Infobae, un medio que m\u00e1s que noticias se dedica a presentar comunicados de las partes interesadas,&hellip;<\/p>\n","protected":false},"author":1,"featured_media":91211,"comment_status":"open","ping_status":"open","sticky":false,"template":"","format":"standard","meta":{"footnotes":""},"categories":[10],"tags":[27444,1451,46,698,31839,840],"class_list":["post-91210","post","type-post","status-publish","format-standard","has-post-thumbnail","hentry","category-editorial","tag-comisario-general-nestor-roncaglia","tag-corrupcion","tag-oyarbide","tag-pfa","tag-real-politik","tag-renuncia"],"_links":{"self":[{"href":"https:\/\/www.elsindical.com.ar\/notas\/wp-json\/wp\/v2\/posts\/91210","targetHints":{"allow":["GET"]}}],"collection":[{"href":"https:\/\/www.elsindical.com.ar\/notas\/wp-json\/wp\/v2\/posts"}],"about":[{"href":"https:\/\/www.elsindical.com.ar\/notas\/wp-json\/wp\/v2\/types\/post"}],"author":[{"embeddable":true,"href":"https:\/\/www.elsindical.com.ar\/notas\/wp-json\/wp\/v2\/users\/1"}],"replies":[{"embeddable":true,"href":"https:\/\/www.elsindical.com.ar\/notas\/wp-json\/wp\/v2\/comments?post=91210"}],"version-history":[{"count":1,"href":"https:\/\/www.elsindical.com.ar\/notas\/wp-json\/wp\/v2\/posts\/91210\/revisions"}],"predecessor-version":[{"id":91212,"href":"https:\/\/www.elsindical.com.ar\/notas\/wp-json\/wp\/v2\/posts\/91210\/revisions\/91212"}],"wp:featuredmedia":[{"embeddable":true,"href":"https:\/\/www.elsindical.com.ar\/notas\/wp-json\/wp\/v2\/media\/91211"}],"wp:attachment":[{"href":"https:\/\/www.elsindical.com.ar\/notas\/wp-json\/wp\/v2\/media?parent=91210"}],"wp:term":[{"taxonomy":"category","embeddable":true,"href":"https:\/\/www.elsindical.com.ar\/notas\/wp-json\/wp\/v2\/categories?post=91210"},{"taxonomy":"post_tag","embeddable":true,"href":"https:\/\/www.elsindical.com.ar\/notas\/wp-json\/wp\/v2\/tags?post=91210"}],"curies":[{"name":"wp","href":"https:\/\/api.w.org\/{rel}","templated":true}]}}