{"id":91208,"date":"2019-11-17T09:50:05","date_gmt":"2019-11-17T12:50:05","guid":{"rendered":"http:\/\/www.elsindical.com.ar\/notas\/?p=91208"},"modified":"2019-11-17T09:50:05","modified_gmt":"2019-11-17T12:50:05","slug":"aysa-por-tareas-de-inspeccion-gran-parte-de-zona-sur-esta-sin-agua","status":"publish","type":"post","link":"https:\/\/www.elsindical.com.ar\/notas\/aysa-por-tareas-de-inspeccion-gran-parte-de-zona-sur-esta-sin-agua\/","title":{"rendered":"AYSA: por tareas de inspecci\u00f3n, gran parte de zona sur est\u00e1 sin agua"},"content":{"rendered":"\n<figure class=\"wp-block-image size-large is-resized\"><img loading=\"lazy\" decoding=\"async\" src=\"http:\/\/www.elsindical.com.ar\/notas\/var\/www\/html\/notas\/wp-content\/uploads\/2013\/11\/Aysa.png\" alt=\"\" class=\"wp-image-38822\" width=\"358\" height=\"360\" srcset=\"https:\/\/www.elsindical.com.ar\/notas\/var\/www\/html\/notas\/wp-content\/uploads\/2013\/11\/Aysa.png 224w, https:\/\/www.elsindical.com.ar\/notas\/var\/www\/html\/notas\/wp-content\/uploads\/2013\/11\/Aysa-150x150.png 150w\" sizes=\"auto, (max-width: 358px) 100vw, 358px\" \/><\/figure>\n\n\n\n<p> Por tareas de inspecci\u00f3n y  mantenimiento, una extensa \u00e1reas del Gran Buenos Aires Sur se est\u00e1  viendo afectada por baja presi\u00f3n o falta de agua. Los municipios  afectados son Avellaneda, Quilmes, Lan\u00fas, Lomas de Zamora, Almirante  Brown, Esteban Echeverr\u00eda, La Matanza y los barrios del sur de la Ciudad  de Buenos Aires.  <\/p>\n\n\n\n<p>Este domingo, la empresa AYSA lleva a cabo un operativo de inspecci\u00f3n\n de la Torre Toma de la Planta Gral. Belgrano en la localidad quilme\u00f1a \nde Bernal.<\/p>\n\n\n\n<p>Los\n trabajos consistir\u00e1n en una inspecci\u00f3n de la torre toma a cargo de \npersonal de buceo que revisar\u00e1 el estado de las rejas encargadas de \nevitar el ingreso de objetos provenientes del r\u00edo. <\/p>\n\n\n\n<p>Este  operativo provoca baja presi\u00f3n y\/o falta de agua desde las 6 de la  ma\u00f1ana hasta las 15 horas Las \u00e1reas afectadas son Avellaneda, Quilmes,  Lan\u00fas, Lomas de Zamora, Almirante Brown, Esteban Echeverr\u00eda, La Matanza y  los barrios del sur de la Ciudad de Buenos Aires. <\/p>\n\n\n\n<p>Teniendo en cuenta que las instalaciones internas de las viviendas \nunifamiliares y los edificios contemplan la existencia de tanques de \nreserva, haciendo un uso racional de estas reservas, los usuarios no \ndeber\u00edan verse afectados.<\/p>\n\n\n\n<p>Los usuarios pueden hacer consultas al \nCentro de Atenci\u00f3n Telef\u00f3nica 0800-321-2482 (AGUA) durante las 24 horas,\n o de lunes a viernes de 8 a 18 o a trav\u00e9s de Twitter, @aysa.oficial, y \nFacebook, AySA.Argentina.\t<\/p>\n","protected":false},"excerpt":{"rendered":"<p>Por tareas de inspecci\u00f3n y mantenimiento, una extensa \u00e1reas del Gran Buenos Aires Sur se est\u00e1 viendo afectada por baja presi\u00f3n o falta de agua. Los municipios afectados son Avellaneda, Quilmes, Lan\u00fas, Lomas de Zamora, Almirante Brown, Esteban Echeverr\u00eda, La Matanza y los barrios del sur de la Ciudad de Buenos Aires. Este domingo, la&hellip;<\/p>\n","protected":false},"author":1,"featured_media":38822,"comment_status":"open","ping_status":"open","sticky":false,"template":"","format":"standard","meta":{"footnotes":""},"categories":[25],"tags":[1923,12912,31837,31838,13214],"class_list":["post-91208","post","type-post","status-publish","format-standard","has-post-thumbnail","hentry","category-sociedad","tag-agua","tag-aysa","tag-cortes-de-agua","tag-inspeccion","tag-zona-sur"],"_links":{"self":[{"href":"https:\/\/www.elsindical.com.ar\/notas\/wp-json\/wp\/v2\/posts\/91208","targetHints":{"allow":["GET"]}}],"collection":[{"href":"https:\/\/www.elsindical.com.ar\/notas\/wp-json\/wp\/v2\/posts"}],"about":[{"href":"https:\/\/www.elsindical.com.ar\/notas\/wp-json\/wp\/v2\/types\/post"}],"author":[{"embeddable":true,"href":"https:\/\/www.elsindical.com.ar\/notas\/wp-json\/wp\/v2\/users\/1"}],"replies":[{"embeddable":true,"href":"https:\/\/www.elsindical.com.ar\/notas\/wp-json\/wp\/v2\/comments?post=91208"}],"version-history":[{"count":1,"href":"https:\/\/www.elsindical.com.ar\/notas\/wp-json\/wp\/v2\/posts\/91208\/revisions"}],"predecessor-version":[{"id":91209,"href":"https:\/\/www.elsindical.com.ar\/notas\/wp-json\/wp\/v2\/posts\/91208\/revisions\/91209"}],"wp:featuredmedia":[{"embeddable":true,"href":"https:\/\/www.elsindical.com.ar\/notas\/wp-json\/wp\/v2\/media\/38822"}],"wp:attachment":[{"href":"https:\/\/www.elsindical.com.ar\/notas\/wp-json\/wp\/v2\/media?parent=91208"}],"wp:term":[{"taxonomy":"category","embeddable":true,"href":"https:\/\/www.elsindical.com.ar\/notas\/wp-json\/wp\/v2\/categories?post=91208"},{"taxonomy":"post_tag","embeddable":true,"href":"https:\/\/www.elsindical.com.ar\/notas\/wp-json\/wp\/v2\/tags?post=91208"}],"curies":[{"name":"wp","href":"https:\/\/api.w.org\/{rel}","templated":true}]}}