{"id":91205,"date":"2019-11-17T07:54:47","date_gmt":"2019-11-17T10:54:47","guid":{"rendered":"http:\/\/www.elsindical.com.ar\/notas\/?p=91205"},"modified":"2019-11-17T07:54:47","modified_gmt":"2019-11-17T10:54:47","slug":"florencio-varela-evento-solidario","status":"publish","type":"post","link":"https:\/\/www.elsindical.com.ar\/notas\/florencio-varela-evento-solidario\/","title":{"rendered":"Florencio Varela: Evento solidario"},"content":{"rendered":"\n<figure class=\"wp-block-image size-large\"><img loading=\"lazy\" decoding=\"async\" width=\"960\" height=\"960\" src=\"http:\/\/www.elsindical.com.ar\/notas\/var\/www\/html\/notas\/wp-content\/uploads\/2019\/11\/Varela-al-piso-15-de-noviembre-2019.jpg\" alt=\"\" class=\"wp-image-91206\" srcset=\"https:\/\/www.elsindical.com.ar\/notas\/var\/www\/html\/notas\/wp-content\/uploads\/2019\/11\/Varela-al-piso-15-de-noviembre-2019.jpg 960w, https:\/\/www.elsindical.com.ar\/notas\/var\/www\/html\/notas\/wp-content\/uploads\/2019\/11\/Varela-al-piso-15-de-noviembre-2019-300x300.jpg 300w, https:\/\/www.elsindical.com.ar\/notas\/var\/www\/html\/notas\/wp-content\/uploads\/2019\/11\/Varela-al-piso-15-de-noviembre-2019-150x150.jpg 150w, https:\/\/www.elsindical.com.ar\/notas\/var\/www\/html\/notas\/wp-content\/uploads\/2019\/11\/Varela-al-piso-15-de-noviembre-2019-768x768.jpg 768w, https:\/\/www.elsindical.com.ar\/notas\/var\/www\/html\/notas\/wp-content\/uploads\/2019\/11\/Varela-al-piso-15-de-noviembre-2019-50x50.jpg 50w\" sizes=\"auto, (max-width: 960px) 100vw, 960px\" \/><\/figure>\n\n\n\n<p> Varela al piso  surgi\u00f3 en el a\u00f1o 2017, un evento solidario el cual cuenta con el apoyo  de la municipalidad de Florencio Varela, formado por un grupo de 16  chicos, el cual no es solo una expo de autos, sino que participan los  emprendedores de la Asociaci\u00f3n F\u00e9nix, la  Asociacion de Food trucks, el circo de Varela, tenemos el apoyo de el  Garage TV C5N y participa adem\u00e1s el equipo de prensa de la  municipalidad. Cada evento nuestra meta es ayudar a m\u00e1s y m\u00e1s merenderos dentro del distrito. No es una competencia de autos, sino un evento  solidario. <\/p>\n","protected":false},"excerpt":{"rendered":"<p>Varela al piso surgi\u00f3 en el a\u00f1o 2017, un evento solidario el cual cuenta con el apoyo de la municipalidad de Florencio Varela, formado por un grupo de 16 chicos, el cual no es solo una expo de autos, sino que participan los emprendedores de la Asociaci\u00f3n F\u00e9nix, la Asociacion de Food trucks, el circo&hellip;<\/p>\n","protected":false},"author":1,"featured_media":91206,"comment_status":"open","ping_status":"open","sticky":false,"template":"","format":"standard","meta":{"footnotes":""},"categories":[26],"tags":[31836,6106,31729,1307,31835],"class_list":["post-91205","post","type-post","status-publish","format-standard","has-post-thumbnail","hentry","category-solidaridad","tag-alimento-no-perecederos","tag-comedores","tag-evento-solidario","tag-florencio-varela","tag-varela-al-piso"],"_links":{"self":[{"href":"https:\/\/www.elsindical.com.ar\/notas\/wp-json\/wp\/v2\/posts\/91205","targetHints":{"allow":["GET"]}}],"collection":[{"href":"https:\/\/www.elsindical.com.ar\/notas\/wp-json\/wp\/v2\/posts"}],"about":[{"href":"https:\/\/www.elsindical.com.ar\/notas\/wp-json\/wp\/v2\/types\/post"}],"author":[{"embeddable":true,"href":"https:\/\/www.elsindical.com.ar\/notas\/wp-json\/wp\/v2\/users\/1"}],"replies":[{"embeddable":true,"href":"https:\/\/www.elsindical.com.ar\/notas\/wp-json\/wp\/v2\/comments?post=91205"}],"version-history":[{"count":1,"href":"https:\/\/www.elsindical.com.ar\/notas\/wp-json\/wp\/v2\/posts\/91205\/revisions"}],"predecessor-version":[{"id":91207,"href":"https:\/\/www.elsindical.com.ar\/notas\/wp-json\/wp\/v2\/posts\/91205\/revisions\/91207"}],"wp:featuredmedia":[{"embeddable":true,"href":"https:\/\/www.elsindical.com.ar\/notas\/wp-json\/wp\/v2\/media\/91206"}],"wp:attachment":[{"href":"https:\/\/www.elsindical.com.ar\/notas\/wp-json\/wp\/v2\/media?parent=91205"}],"wp:term":[{"taxonomy":"category","embeddable":true,"href":"https:\/\/www.elsindical.com.ar\/notas\/wp-json\/wp\/v2\/categories?post=91205"},{"taxonomy":"post_tag","embeddable":true,"href":"https:\/\/www.elsindical.com.ar\/notas\/wp-json\/wp\/v2\/tags?post=91205"}],"curies":[{"name":"wp","href":"https:\/\/api.w.org\/{rel}","templated":true}]}}