{"id":91137,"date":"2019-11-14T12:12:42","date_gmt":"2019-11-14T15:12:42","guid":{"rendered":"http:\/\/www.elsindical.com.ar\/notas\/?p=91137"},"modified":"2019-11-14T12:12:49","modified_gmt":"2019-11-14T15:12:49","slug":"merlo-allanamiento-y-detenido-por-drogas-en-investigacion-de-la-pfa","status":"publish","type":"post","link":"https:\/\/www.elsindical.com.ar\/notas\/merlo-allanamiento-y-detenido-por-drogas-en-investigacion-de-la-pfa\/","title":{"rendered":"Merlo: Allanamiento y detenido por drogas en investigaci\u00f3n de la PFA"},"content":{"rendered":"\n<figure class=\"wp-block-image size-large\"><img loading=\"lazy\" decoding=\"async\" width=\"1024\" height=\"576\" src=\"http:\/\/www.elsindical.com.ar\/notas\/var\/www\/html\/notas\/wp-content\/uploads\/2019\/11\/WhatsApp-Image-2019-11-14-at-10.06.172-1024x576.jpeg\" alt=\"\" class=\"wp-image-91138\" srcset=\"https:\/\/www.elsindical.com.ar\/notas\/var\/www\/html\/notas\/wp-content\/uploads\/2019\/11\/WhatsApp-Image-2019-11-14-at-10.06.172-1024x576.jpeg 1024w, https:\/\/www.elsindical.com.ar\/notas\/var\/www\/html\/notas\/wp-content\/uploads\/2019\/11\/WhatsApp-Image-2019-11-14-at-10.06.172-300x169.jpeg 300w, https:\/\/www.elsindical.com.ar\/notas\/var\/www\/html\/notas\/wp-content\/uploads\/2019\/11\/WhatsApp-Image-2019-11-14-at-10.06.172-768x432.jpeg 768w, https:\/\/www.elsindical.com.ar\/notas\/var\/www\/html\/notas\/wp-content\/uploads\/2019\/11\/WhatsApp-Image-2019-11-14-at-10.06.172-500x281.jpeg 500w, https:\/\/www.elsindical.com.ar\/notas\/var\/www\/html\/notas\/wp-content\/uploads\/2019\/11\/WhatsApp-Image-2019-11-14-at-10.06.172-460x260.jpeg 460w, https:\/\/www.elsindical.com.ar\/notas\/var\/www\/html\/notas\/wp-content\/uploads\/2019\/11\/WhatsApp-Image-2019-11-14-at-10.06.172.jpeg 1280w\" sizes=\"auto, (max-width: 1024px) 100vw, 1024px\" \/><\/figure>\n\n\n\n<p class=\"wp-block-paragraph\"> A ra\u00edz de tareas de investigaci\u00f3n efectuadas por la Brigada de la Delegaci\u00f3n MOR\u00d3N de la Polic\u00eda Federal Argentina a cargo del Comisario De La Fuente se logr\u00f3 detectar que en una vivienda particular se comercializaban estupefacientes, siendo ello puesto en conocimiento de la Unidad Funcional de Instrucci\u00f3n y Juicio Nro. 9 del Departamento Judicial de Mor\u00f3n a cargo del Dr. Antonio FERRERAS, quien ordeno realizar tareas de inteligencia al respecto.<\/p>\n\n\n\n<p class=\"wp-block-paragraph\"> Es as\u00ed que profundizadas las tareas investigativas sobre este inmueble emplazado en la localidad de Mariano Acosta, Partido de Merlo, se logr\u00f3 determinar que el responsable de dicha actividad era un evadido de la justicia apodado \u201cEl Chino\u201d con numerosas causas por tenencia de drogas con fines de comercializaci\u00f3n, habiendo cumplido condenas por casi 18 a\u00f1os.  <\/p>\n\n\n\n<p class=\"wp-block-paragraph\">\nEn ese marco se\nlogr\u00f3 reunir el cumulo de pruebas suficientes que vinculaban al\npr\u00f3fugo con la venta de sustancias il\u00edcitas, toda vez que el mismo\nefectuaba venta al menudeo\ntanto de Clorhidrato de Coca\u00edna como de Picadura de Marihuana bajo\nla modalidad \u201cDelivery\u201d (por Whatsapp),\nlas cuales puestas a disposici\u00f3n de la Fiscal\u00eda actuante, esta\nsolicito la orden de allanamiento para el domicilio donde\ncomercializaba y otro donde pernoctaba espor\u00e1dicamente a fines de no\nser detectado por la Polic\u00eda. \n<\/p>\n\n\n\n<p class=\"wp-block-paragraph\">\nEl d\u00eda 12 del\ncorriente mes y a\u00f1o se efectivizo la manda judicial logrando la\ndetenci\u00f3n del pr\u00f3fugo quien efectivamente resulto ser el\nresponsable de la comercializaci\u00f3n y el hallazgo de otro hombre con\npedido de captura vigente quein se encontraba trabajando en el\ndomicilio a quien se lo notifico que deber\u00eda presentarse en el\nJuzgado, como as\u00ed tambi\u00e9n a la incautaci\u00f3n de:\nCIENTO  CUARENTA Y CINCO GRAMOS ( 145 GRS.) de Clorhidrato de\nCoca\u00edna,  sustancia para corte, MIL VEINTIOCHO  GRAMOS (1028 Grs.)\nde picadura de Marihuana, UN (1) revolver marca Taurus calibre .38\nspl., UN (1) Rifle de armado casero calibre .22 S\/n, CINCO (5)\nplantas de Marihuana, PESOS CUARENTA Y CUATRO MIL SETECIENTOS\nVEINTICINCO ($ 44725) en billetes de distinta denominaci\u00f3n, DOS (2)\nbalanzas y DIEZ (10) celulares.<\/p>\n\n\n\n<p class=\"wp-block-paragraph\"> El detenido fue alojado en esta Dependencia en car\u00e1cter de INCOMUNICADO.<\/p>\n\n\n\n<figure class=\"wp-block-gallery columns-1 is-cropped wp-block-gallery-1 is-layout-flex wp-block-gallery-is-layout-flex\"><ul class=\"blocks-gallery-grid\"><li class=\"blocks-gallery-item\"><figure><img loading=\"lazy\" decoding=\"async\" width=\"1024\" height=\"576\" src=\"http:\/\/www.elsindical.com.ar\/notas\/var\/www\/html\/notas\/wp-content\/uploads\/2019\/11\/WhatsApp-Image-2019-11-14-at-10.06.172-1-1024x576.jpeg\" alt=\"\" data-id=\"91139\" data-full-url=\"http:\/\/www.elsindical.com.ar\/notas\/var\/www\/html\/notas\/wp-content\/uploads\/2019\/11\/WhatsApp-Image-2019-11-14-at-10.06.172-1.jpeg\" data-link=\"http:\/\/www.elsindical.com.ar\/notas\/?attachment_id=91139#main\" class=\"wp-image-91139\" srcset=\"https:\/\/www.elsindical.com.ar\/notas\/var\/www\/html\/notas\/wp-content\/uploads\/2019\/11\/WhatsApp-Image-2019-11-14-at-10.06.172-1-1024x576.jpeg 1024w, https:\/\/www.elsindical.com.ar\/notas\/var\/www\/html\/notas\/wp-content\/uploads\/2019\/11\/WhatsApp-Image-2019-11-14-at-10.06.172-1-300x169.jpeg 300w, https:\/\/www.elsindical.com.ar\/notas\/var\/www\/html\/notas\/wp-content\/uploads\/2019\/11\/WhatsApp-Image-2019-11-14-at-10.06.172-1-768x432.jpeg 768w, https:\/\/www.elsindical.com.ar\/notas\/var\/www\/html\/notas\/wp-content\/uploads\/2019\/11\/WhatsApp-Image-2019-11-14-at-10.06.172-1-500x281.jpeg 500w, https:\/\/www.elsindical.com.ar\/notas\/var\/www\/html\/notas\/wp-content\/uploads\/2019\/11\/WhatsApp-Image-2019-11-14-at-10.06.172-1-460x260.jpeg 460w, https:\/\/www.elsindical.com.ar\/notas\/var\/www\/html\/notas\/wp-content\/uploads\/2019\/11\/WhatsApp-Image-2019-11-14-at-10.06.172-1.jpeg 1280w\" sizes=\"auto, (max-width: 1024px) 100vw, 1024px\" \/><\/figure><\/li><li class=\"blocks-gallery-item\"><figure><img loading=\"lazy\" decoding=\"async\" width=\"576\" height=\"1024\" src=\"http:\/\/www.elsindical.com.ar\/notas\/var\/www\/html\/notas\/wp-content\/uploads\/2019\/11\/WhatsApp-Image-2019-11-14-at-10.06.17-576x1024.jpeg\" alt=\"\" data-id=\"91140\" data-full-url=\"http:\/\/www.elsindical.com.ar\/notas\/var\/www\/html\/notas\/wp-content\/uploads\/2019\/11\/WhatsApp-Image-2019-11-14-at-10.06.17.jpeg\" data-link=\"http:\/\/www.elsindical.com.ar\/notas\/?attachment_id=91140#main\" class=\"wp-image-91140\" srcset=\"https:\/\/www.elsindical.com.ar\/notas\/var\/www\/html\/notas\/wp-content\/uploads\/2019\/11\/WhatsApp-Image-2019-11-14-at-10.06.17-576x1024.jpeg 576w, https:\/\/www.elsindical.com.ar\/notas\/var\/www\/html\/notas\/wp-content\/uploads\/2019\/11\/WhatsApp-Image-2019-11-14-at-10.06.17-169x300.jpeg 169w, https:\/\/www.elsindical.com.ar\/notas\/var\/www\/html\/notas\/wp-content\/uploads\/2019\/11\/WhatsApp-Image-2019-11-14-at-10.06.17.jpeg 648w\" sizes=\"auto, (max-width: 576px) 100vw, 576px\" \/><\/figure><\/li><\/ul><\/figure>\n","protected":false},"excerpt":{"rendered":"<p>A ra\u00edz de tareas de investigaci\u00f3n efectuadas por la Brigada de la Delegaci\u00f3n MOR\u00d3N de la Polic\u00eda Federal Argentina a cargo del Comisario De La Fuente se logr\u00f3 detectar que en una vivienda particular se comercializaban estupefacientes, siendo ello puesto en conocimiento de la Unidad Funcional de Instrucci\u00f3n y Juicio Nro. 9 del Departamento Judicial&hellip;<\/p>\n","protected":false},"author":1,"featured_media":91138,"comment_status":"open","ping_status":"open","sticky":false,"template":"","format":"standard","meta":{"footnotes":""},"categories":[22],"tags":[138,29786,31218,382,9458,1008,1932],"class_list":["post-91137","post","type-post","status-publish","format-standard","has-post-thumbnail","hentry","category-policiales","tag-allanamiento","tag-comisario-de-la-fuente","tag-delegacion-moron-policia-federal-argentina","tag-drogas","tag-mariano-acosta","tag-merlo","tag-moron"],"_links":{"self":[{"href":"https:\/\/www.elsindical.com.ar\/notas\/wp-json\/wp\/v2\/posts\/91137","targetHints":{"allow":["GET"]}}],"collection":[{"href":"https:\/\/www.elsindical.com.ar\/notas\/wp-json\/wp\/v2\/posts"}],"about":[{"href":"https:\/\/www.elsindical.com.ar\/notas\/wp-json\/wp\/v2\/types\/post"}],"author":[{"embeddable":true,"href":"https:\/\/www.elsindical.com.ar\/notas\/wp-json\/wp\/v2\/users\/1"}],"replies":[{"embeddable":true,"href":"https:\/\/www.elsindical.com.ar\/notas\/wp-json\/wp\/v2\/comments?post=91137"}],"version-history":[{"count":1,"href":"https:\/\/www.elsindical.com.ar\/notas\/wp-json\/wp\/v2\/posts\/91137\/revisions"}],"predecessor-version":[{"id":91141,"href":"https:\/\/www.elsindical.com.ar\/notas\/wp-json\/wp\/v2\/posts\/91137\/revisions\/91141"}],"wp:featuredmedia":[{"embeddable":true,"href":"https:\/\/www.elsindical.com.ar\/notas\/wp-json\/wp\/v2\/media\/91138"}],"wp:attachment":[{"href":"https:\/\/www.elsindical.com.ar\/notas\/wp-json\/wp\/v2\/media?parent=91137"}],"wp:term":[{"taxonomy":"category","embeddable":true,"href":"https:\/\/www.elsindical.com.ar\/notas\/wp-json\/wp\/v2\/categories?post=91137"},{"taxonomy":"post_tag","embeddable":true,"href":"https:\/\/www.elsindical.com.ar\/notas\/wp-json\/wp\/v2\/tags?post=91137"}],"curies":[{"name":"wp","href":"https:\/\/api.w.org\/{rel}","templated":true}]}}