{"id":91130,"date":"2019-11-14T11:06:15","date_gmt":"2019-11-14T14:06:15","guid":{"rendered":"http:\/\/www.elsindical.com.ar\/notas\/?p=91130"},"modified":"2019-11-14T11:06:15","modified_gmt":"2019-11-14T14:06:15","slug":"quilmes-una-mujer-murio-al-caer-el-auto-que-conducia-al-arroyo-las-piedras-en-solano","status":"publish","type":"post","link":"https:\/\/www.elsindical.com.ar\/notas\/quilmes-una-mujer-murio-al-caer-el-auto-que-conducia-al-arroyo-las-piedras-en-solano\/","title":{"rendered":"Quilmes: Una mujer muri\u00f3 al caer el auto que conduc\u00eda al arroyo Las Piedras en Solano"},"content":{"rendered":"\n<figure class=\"wp-block-image size-large\"><img loading=\"lazy\" decoding=\"async\" width=\"862\" height=\"665\" src=\"http:\/\/www.elsindical.com.ar\/notas\/var\/www\/html\/notas\/wp-content\/uploads\/2019\/11\/207-accidente-en-Solano.jpg\" alt=\"\" class=\"wp-image-91131\" srcset=\"https:\/\/www.elsindical.com.ar\/notas\/var\/www\/html\/notas\/wp-content\/uploads\/2019\/11\/207-accidente-en-Solano.jpg 862w, https:\/\/www.elsindical.com.ar\/notas\/var\/www\/html\/notas\/wp-content\/uploads\/2019\/11\/207-accidente-en-Solano-300x231.jpg 300w, https:\/\/www.elsindical.com.ar\/notas\/var\/www\/html\/notas\/wp-content\/uploads\/2019\/11\/207-accidente-en-Solano-768x592.jpg 768w, https:\/\/www.elsindical.com.ar\/notas\/var\/www\/html\/notas\/wp-content\/uploads\/2019\/11\/207-accidente-en-Solano-389x300.jpg 389w\" sizes=\"auto, (max-width: 862px) 100vw, 862px\" \/><\/figure>\n\n\n\n<p class=\"wp-block-paragraph\">\nEn la madrugada de este jueves un tr\u00e1gico \naccidente tuvo lugar en el puente sobre el arroyo Las Piedras en San \nFrancisco Solano, donde un veh\u00edculo conducido por una mujer despist\u00f3 y \ncay\u00f3 al cauce. En un amplio operativo de emergencia lograron extraerla \ndel veh\u00edculo, pero muri\u00f3 a pesar de los intentos por reanimarla.Ocurri\u00f3\n alrededor de las 5.30 de la ma\u00f1ana a la altura de la calle 850. Seg\u00fan \nindicaron fuentes intervinientes en la causa, una mala maniobra habr\u00eda \nhecho que el Peugeot 207 en el que circulaba la v\u00edctima \u2013identificada \ncomo Patricia Elizabeth Aguilera, de 48 a\u00f1os- cayera a la cuenca y \nterminara volcado.&nbsp;<\/p>\n\n\n\n<p class=\"wp-block-paragraph\">Un m\u00f3vil de la Comisar\u00eda Cuarta de Quilmes \nque patrullaba la zona detect\u00f3 el accidente y dio aviso a la central de \nemergencias. Al lugar se comisionaron agentes de Defensa Civil, \nambulancias del SAME y unidades de rescate de los Bomberos Voluntarios. \nEstos \u00faltimos consiguieron sacar el cuerpo de la conductora, que yac\u00eda \ninconsciente.&nbsp;<\/p>\n\n\n\n<p class=\"wp-block-paragraph\">Los m\u00e9dicos le practicaron las maniobras de \nresucitaci\u00f3n e hicieron lo posible por reanimarla, pero los intentos \nfueron vanos. La mujer no resisti\u00f3 y se constat\u00f3 su fallecimiento en el \nlugar, aunque la autopsia deber\u00e1 determinar si la causal de muerte fue \nel golpe o si se ahog\u00f3 en el arroyo.\n\n<\/p>\n","protected":false},"excerpt":{"rendered":"<p>En la madrugada de este jueves un tr\u00e1gico accidente tuvo lugar en el puente sobre el arroyo Las Piedras en San Francisco Solano, donde un veh\u00edculo conducido por una mujer despist\u00f3 y cay\u00f3 al cauce. En un amplio operativo de emergencia lograron extraerla del veh\u00edculo, pero muri\u00f3 a pesar de los intentos por reanimarla.Ocurri\u00f3 alrededor&hellip;<\/p>\n","protected":false},"author":1,"featured_media":91131,"comment_status":"open","ping_status":"open","sticky":false,"template":"","format":"standard","meta":{"footnotes":""},"categories":[22],"tags":[14190,31819,2499,3279],"class_list":["post-91130","post","type-post","status-publish","format-standard","has-post-thumbnail","hentry","category-policiales","tag-arroyo","tag-las-piedras","tag-same","tag-san-francisco-solano"],"_links":{"self":[{"href":"https:\/\/www.elsindical.com.ar\/notas\/wp-json\/wp\/v2\/posts\/91130","targetHints":{"allow":["GET"]}}],"collection":[{"href":"https:\/\/www.elsindical.com.ar\/notas\/wp-json\/wp\/v2\/posts"}],"about":[{"href":"https:\/\/www.elsindical.com.ar\/notas\/wp-json\/wp\/v2\/types\/post"}],"author":[{"embeddable":true,"href":"https:\/\/www.elsindical.com.ar\/notas\/wp-json\/wp\/v2\/users\/1"}],"replies":[{"embeddable":true,"href":"https:\/\/www.elsindical.com.ar\/notas\/wp-json\/wp\/v2\/comments?post=91130"}],"version-history":[{"count":1,"href":"https:\/\/www.elsindical.com.ar\/notas\/wp-json\/wp\/v2\/posts\/91130\/revisions"}],"predecessor-version":[{"id":91132,"href":"https:\/\/www.elsindical.com.ar\/notas\/wp-json\/wp\/v2\/posts\/91130\/revisions\/91132"}],"wp:featuredmedia":[{"embeddable":true,"href":"https:\/\/www.elsindical.com.ar\/notas\/wp-json\/wp\/v2\/media\/91131"}],"wp:attachment":[{"href":"https:\/\/www.elsindical.com.ar\/notas\/wp-json\/wp\/v2\/media?parent=91130"}],"wp:term":[{"taxonomy":"category","embeddable":true,"href":"https:\/\/www.elsindical.com.ar\/notas\/wp-json\/wp\/v2\/categories?post=91130"},{"taxonomy":"post_tag","embeddable":true,"href":"https:\/\/www.elsindical.com.ar\/notas\/wp-json\/wp\/v2\/tags?post=91130"}],"curies":[{"name":"wp","href":"https:\/\/api.w.org\/{rel}","templated":true}]}}