{"id":91124,"date":"2019-11-14T00:50:25","date_gmt":"2019-11-14T03:50:25","guid":{"rendered":"http:\/\/www.elsindical.com.ar\/notas\/?p=91124"},"modified":"2019-11-14T00:50:25","modified_gmt":"2019-11-14T03:50:25","slug":"el-programa-envion-del-municipio-de-avellaneda-fue-premiado-por-la-unesco","status":"publish","type":"post","link":"https:\/\/www.elsindical.com.ar\/notas\/el-programa-envion-del-municipio-de-avellaneda-fue-premiado-por-la-unesco\/","title":{"rendered":"El programa Envi\u00f3n del municipio de Avellaneda fue premiado por la UNESCO"},"content":{"rendered":"\n<figure class=\"wp-block-image size-large is-resized\"><img loading=\"lazy\" decoding=\"async\" src=\"http:\/\/www.elsindical.com.ar\/notas\/var\/www\/html\/notas\/wp-content\/uploads\/2019\/11\/programa-Envi\u00f3n-Avellaneda.jpeg\" alt=\"\" class=\"wp-image-91125\" width=\"587\" height=\"403\" srcset=\"https:\/\/www.elsindical.com.ar\/notas\/var\/www\/html\/notas\/wp-content\/uploads\/2019\/11\/programa-Envi\u00f3n-Avellaneda.jpeg 350w, https:\/\/www.elsindical.com.ar\/notas\/var\/www\/html\/notas\/wp-content\/uploads\/2019\/11\/programa-Envi\u00f3n-Avellaneda-300x206.jpeg 300w\" sizes=\"auto, (max-width: 587px) 100vw, 587px\" \/><\/figure>\n\n\n\n<p class=\"wp-block-paragraph\"><strong>Se trata de un\nprograma desarrollado por el Consejo Municipal de Inclusi\u00f3n en 10 sedes. Se da\ncapacitaci\u00f3n en oficios, contenci\u00f3n y apoyo escolar a 3.000 j\u00f3venes.<\/strong><ins><\/ins><\/p>\n\n\n\n<p class=\"wp-block-paragraph\">El Programa Envi\u00f3n de Avellaneda result\u00f3 ganador de la edici\u00f3n 2019 de\n\u201cConstruir Igualdad\u201d, Premio CIPDH-UNESCO a Pol\u00edticas P\u00fablicas Locales\nInclusivas. Fue en la categor\u00eda \u201cCiudades entre 100 mil y 1 mill\u00f3n de\nhabitantes\u201d.<\/p>\n\n\n\n<p class=\"wp-block-paragraph\">El Envi\u00f3n es un programa desarrollado por&nbsp;el Consejo Municipal de\nInclusi\u00f3n&nbsp;en 10 sedes de Avellaneda, donde se brinda capacitaci\u00f3n en\noficios, contenci\u00f3n y apoyo escolar a 3.000 j\u00f3venes.<\/p>\n\n\n\n<p class=\"wp-block-paragraph\">Por unanimidad, el jurado del Centro Internacional para la Promoci\u00f3n de los\nDerechos Humanos eligi\u00f3 al Envi\u00f3n por su amplia trayectoria y los resultados\nalcanzados en relaci\u00f3n a la inclusi\u00f3n de j\u00f3venes y adolescentes en situaci\u00f3n de\nvulnerabilidad social.<\/p>\n\n\n\n<p class=\"wp-block-paragraph\">En el reconocimiento se destacan los objetivos del programa:<\/p>\n\n\n\n<p class=\"wp-block-paragraph\"><em>Mejorar la inserci\u00f3n y\/o reinserci\u00f3n en el sistema educativo.<\/em><\/p>\n\n\n\n<p class=\"wp-block-paragraph\"><em>Promover la inserci\u00f3n laboral de los j\u00f3venes de 16 a 21 a\u00f1os, y tratando\nque en ning\u00fan caso esta accesibilidad interrumpa el proceso educativo.<\/em><\/p>\n\n\n\n<p class=\"wp-block-paragraph\"><em>Reducir situaciones de riesgo, brindando elementos y accesibilidad a\nrecursos del cuidado de diferentes aspectos que hacen a su pleno desarrollo y\nbienestar.<\/em><\/p>\n\n\n\n<p class=\"wp-block-paragraph\"><em>Favorecer la integraci\u00f3n social, el sentido de la pertenencia y la\nconstrucci\u00f3n de la propia identidad a trav\u00e9s de la participaci\u00f3n en actividades\nart\u00edsticas, expresivas y deportivas.<\/em><\/p>\n\n\n\n<p class=\"wp-block-paragraph\"><em>Promover el conocimiento de los derechos y el\nejercicio de la ciudadan\u00eda en todos los \u00e1mbitos.<\/em><\/p>\n\n\n\n<p class=\"wp-block-paragraph\">La premiaci\u00f3n se realizar\u00e1 el Martes 3 de Diciembre en la ciudad de\nMontevideo, en coincidencia con la conmemoraci\u00f3n de los 70 a\u00f1os de la\ninstalaci\u00f3n de la Oficina Regional de Ciencias de la UNESCO para Am\u00e9rica Latina\ny el Caribe, sita en Uruguay.<\/p>\n\n\n\n<p class=\"wp-block-paragraph\">La distinci\u00f3n para el Programa Envi\u00f3n de Avellaneda consiste en una placa\nde reconocimiento y una declaraci\u00f3n de \u201cCiudad amigable con pol\u00edticas p\u00fablicas\nlocales en igualdad y no discriminaci\u00f3n\u201d; adem\u00e1s de la difusi\u00f3n de la pol\u00edtica\np\u00fablica en las plataformas online del CIPDH-UNESCO.<\/p>\n\n\n\n<p class=\"wp-block-paragraph\">Vale resaltar que este reconocimiento se enmarca \u201cen el esfuerzo del Centro\nInternacional por fortalecer aspectos claves para la construcci\u00f3n de sociedades\nm\u00e1s igualitarias e inclusivas\u201d.<\/p>\n","protected":false},"excerpt":{"rendered":"<p>Se trata de un programa desarrollado por el Consejo Municipal de Inclusi\u00f3n en 10 sedes. Se da capacitaci\u00f3n en oficios, contenci\u00f3n y apoyo escolar a 3.000 j\u00f3venes. El Programa Envi\u00f3n de Avellaneda result\u00f3 ganador de la edici\u00f3n 2019 de \u201cConstruir Igualdad\u201d, Premio CIPDH-UNESCO a Pol\u00edticas P\u00fablicas Locales Inclusivas. Fue en la categor\u00eda \u201cCiudades entre 100&hellip;<\/p>\n","protected":false},"author":1,"featured_media":91125,"comment_status":"open","ping_status":"open","sticky":false,"template":"","format":"standard","meta":{"footnotes":""},"categories":[13],"tags":[31816,17388,31815,20046],"class_list":["post-91124","post","type-post","status-publish","format-standard","has-post-thumbnail","hentry","category-politica","tag-consejo-municipal-de-inclusion","tag-municipalidad-de-avellaneda","tag-programa-envion","tag-unesco"],"_links":{"self":[{"href":"https:\/\/www.elsindical.com.ar\/notas\/wp-json\/wp\/v2\/posts\/91124","targetHints":{"allow":["GET"]}}],"collection":[{"href":"https:\/\/www.elsindical.com.ar\/notas\/wp-json\/wp\/v2\/posts"}],"about":[{"href":"https:\/\/www.elsindical.com.ar\/notas\/wp-json\/wp\/v2\/types\/post"}],"author":[{"embeddable":true,"href":"https:\/\/www.elsindical.com.ar\/notas\/wp-json\/wp\/v2\/users\/1"}],"replies":[{"embeddable":true,"href":"https:\/\/www.elsindical.com.ar\/notas\/wp-json\/wp\/v2\/comments?post=91124"}],"version-history":[{"count":1,"href":"https:\/\/www.elsindical.com.ar\/notas\/wp-json\/wp\/v2\/posts\/91124\/revisions"}],"predecessor-version":[{"id":91126,"href":"https:\/\/www.elsindical.com.ar\/notas\/wp-json\/wp\/v2\/posts\/91124\/revisions\/91126"}],"wp:featuredmedia":[{"embeddable":true,"href":"https:\/\/www.elsindical.com.ar\/notas\/wp-json\/wp\/v2\/media\/91125"}],"wp:attachment":[{"href":"https:\/\/www.elsindical.com.ar\/notas\/wp-json\/wp\/v2\/media?parent=91124"}],"wp:term":[{"taxonomy":"category","embeddable":true,"href":"https:\/\/www.elsindical.com.ar\/notas\/wp-json\/wp\/v2\/categories?post=91124"},{"taxonomy":"post_tag","embeddable":true,"href":"https:\/\/www.elsindical.com.ar\/notas\/wp-json\/wp\/v2\/tags?post=91124"}],"curies":[{"name":"wp","href":"https:\/\/api.w.org\/{rel}","templated":true}]}}