{"id":91072,"date":"2019-11-12T10:13:25","date_gmt":"2019-11-12T13:13:25","guid":{"rendered":"http:\/\/www.elsindical.com.ar\/notas\/?p=91072"},"modified":"2019-11-12T10:13:25","modified_gmt":"2019-11-12T13:13:25","slug":"lomas-de-zamora-evitan-fuga-de-detenidos-en-comisaria-de-temperley","status":"publish","type":"post","link":"https:\/\/www.elsindical.com.ar\/notas\/lomas-de-zamora-evitan-fuga-de-detenidos-en-comisaria-de-temperley\/","title":{"rendered":"Lomas de Zamora: Evitan fuga de detenidos en comisar\u00eda de Temperley"},"content":{"rendered":"\n<figure class=\"wp-block-image\"><img loading=\"lazy\" decoding=\"async\" width=\"620\" height=\"397\" src=\"http:\/\/www.elsindical.com.ar\/notas\/var\/www\/html\/notas\/wp-content\/uploads\/2019\/11\/comisar\u00eda-de-San-Jos\u00e9-Temperley.jpg\" alt=\"\" class=\"wp-image-91073\" srcset=\"https:\/\/www.elsindical.com.ar\/notas\/var\/www\/html\/notas\/wp-content\/uploads\/2019\/11\/comisar\u00eda-de-San-Jos\u00e9-Temperley.jpg 620w, https:\/\/www.elsindical.com.ar\/notas\/var\/www\/html\/notas\/wp-content\/uploads\/2019\/11\/comisar\u00eda-de-San-Jos\u00e9-Temperley-300x192.jpg 300w, https:\/\/www.elsindical.com.ar\/notas\/var\/www\/html\/notas\/wp-content\/uploads\/2019\/11\/comisar\u00eda-de-San-Jos\u00e9-Temperley-469x300.jpg 469w\" sizes=\"auto, (max-width: 620px) 100vw, 620px\" \/><\/figure>\n\n\n\n<p>Efectivos policiales evitaron una fuga de presos, mediante disparos \nde balas de goma y escopetazos de estruendo, de la Comisar\u00eda de San \nJos\u00e9, en Temperley. Los detenidos \u2013 que exceden la capacidad de los \ncalabozos, hab\u00edan forzado las rejas y estaban por acceder a un patio \ninterno para escapar.<\/p>\n\n\n\n<p>Fuentes policiales informaron que el hecho ocurri\u00f3 el lunes por la \nmadrugada cuando personal policial de la Comisar\u00eda de San Jos\u00e9 comenz\u00f3 a\n escuchar ruidos en la zona de calabozos.<\/p>\n\n\n\n<p>Al acercarse vieron que algunos internos hab\u00edan forzado los candados \nde sus celdas y estaban en una zona pr\u00f3xima a un patio interno de la \nseccional. Justamente, estaban torciendo las rejas para acceder al otro \nlugar que les permitir\u00eda fugarse.<\/p>\n\n\n\n<p>En ese contexto, los polic\u00edas efectuaron un disparo con bala de goma \npara evitar que siguieran con la intenci\u00f3n de escapar. En ese contexto, \nlos internos comenzaron a gritar y a exigir el traslado a unidades \npenales.<\/p>\n\n\n\n<p>En la Comisar\u00eda de San Jos\u00e9 hay 32 detenidos pero la seccional tiene \ncapacidad para una cantidad de internos mucho menor. Esta situaci\u00f3n de \nhacinamiento y malas condiciones edilicias se repite en otras \nseccionales bonaerenses.<\/p>\n\n\n\n<p>Luego, intervino el Grupo de Acci\u00f3n Departamental (GAD) que realiz\u00f3 disparos de estruendo y logr\u00f3 aplacar a los detenidos.<\/p>\n\n\n\n<p>Por el hecho se inici\u00f3 una causa por \u201ctentativa de evasi\u00f3n\u201d que qued\u00f3\n a cargo del fiscal Leonardo Kaszewsdki, titular de la UFI 4 de Lomas de\n Zamora.<\/p>\n","protected":false},"excerpt":{"rendered":"<p>Efectivos policiales evitaron una fuga de presos, mediante disparos de balas de goma y escopetazos de estruendo, de la Comisar\u00eda de San Jos\u00e9, en Temperley. Los detenidos \u2013 que exceden la capacidad de los calabozos, hab\u00edan forzado las rejas y estaban por acceder a un patio interno para escapar. Fuentes policiales informaron que el hecho&hellip;<\/p>\n","protected":false},"author":1,"featured_media":91073,"comment_status":"open","ping_status":"open","sticky":false,"template":"","format":"standard","meta":{"footnotes":""},"categories":[1],"tags":[2792,744,1430],"class_list":["post-91072","post","type-post","status-publish","format-standard","has-post-thumbnail","hentry","category-destacadas","tag-gad","tag-lomas-de-zamora","tag-temperley"],"_links":{"self":[{"href":"https:\/\/www.elsindical.com.ar\/notas\/wp-json\/wp\/v2\/posts\/91072","targetHints":{"allow":["GET"]}}],"collection":[{"href":"https:\/\/www.elsindical.com.ar\/notas\/wp-json\/wp\/v2\/posts"}],"about":[{"href":"https:\/\/www.elsindical.com.ar\/notas\/wp-json\/wp\/v2\/types\/post"}],"author":[{"embeddable":true,"href":"https:\/\/www.elsindical.com.ar\/notas\/wp-json\/wp\/v2\/users\/1"}],"replies":[{"embeddable":true,"href":"https:\/\/www.elsindical.com.ar\/notas\/wp-json\/wp\/v2\/comments?post=91072"}],"version-history":[{"count":1,"href":"https:\/\/www.elsindical.com.ar\/notas\/wp-json\/wp\/v2\/posts\/91072\/revisions"}],"predecessor-version":[{"id":91074,"href":"https:\/\/www.elsindical.com.ar\/notas\/wp-json\/wp\/v2\/posts\/91072\/revisions\/91074"}],"wp:featuredmedia":[{"embeddable":true,"href":"https:\/\/www.elsindical.com.ar\/notas\/wp-json\/wp\/v2\/media\/91073"}],"wp:attachment":[{"href":"https:\/\/www.elsindical.com.ar\/notas\/wp-json\/wp\/v2\/media?parent=91072"}],"wp:term":[{"taxonomy":"category","embeddable":true,"href":"https:\/\/www.elsindical.com.ar\/notas\/wp-json\/wp\/v2\/categories?post=91072"},{"taxonomy":"post_tag","embeddable":true,"href":"https:\/\/www.elsindical.com.ar\/notas\/wp-json\/wp\/v2\/tags?post=91072"}],"curies":[{"name":"wp","href":"https:\/\/api.w.org\/{rel}","templated":true}]}}