{"id":90975,"date":"2019-11-08T17:21:52","date_gmt":"2019-11-08T20:21:52","guid":{"rendered":"http:\/\/www.elsindical.com.ar\/notas\/?p=90975"},"modified":"2019-11-08T17:21:52","modified_gmt":"2019-11-08T20:21:52","slug":"mas-de-1000-egresados-se-quedan-sin-viaje-por-la-quiebra-de-la-agencia-wayla-turismo","status":"publish","type":"post","link":"https:\/\/www.elsindical.com.ar\/notas\/mas-de-1000-egresados-se-quedan-sin-viaje-por-la-quiebra-de-la-agencia-wayla-turismo\/","title":{"rendered":"M\u00e1s de 1000 egresados se quedan sin viaje por la quiebra de la agencia Wayla Turismo"},"content":{"rendered":"\n<figure class=\"wp-block-image\"><img loading=\"lazy\" decoding=\"async\" width=\"1024\" height=\"576\" src=\"http:\/\/www.elsindical.com.ar\/notas\/var\/www\/html\/notas\/wp-content\/uploads\/2019\/11\/Wayla-turismo-1024x576.jpg\" alt=\"\" class=\"wp-image-90976\" srcset=\"https:\/\/www.elsindical.com.ar\/notas\/var\/www\/html\/notas\/wp-content\/uploads\/2019\/11\/Wayla-turismo-1024x576.jpg 1024w, https:\/\/www.elsindical.com.ar\/notas\/var\/www\/html\/notas\/wp-content\/uploads\/2019\/11\/Wayla-turismo-300x169.jpg 300w, https:\/\/www.elsindical.com.ar\/notas\/var\/www\/html\/notas\/wp-content\/uploads\/2019\/11\/Wayla-turismo-768x432.jpg 768w, https:\/\/www.elsindical.com.ar\/notas\/var\/www\/html\/notas\/wp-content\/uploads\/2019\/11\/Wayla-turismo-500x281.jpg 500w, https:\/\/www.elsindical.com.ar\/notas\/var\/www\/html\/notas\/wp-content\/uploads\/2019\/11\/Wayla-turismo-460x260.jpg 460w, https:\/\/www.elsindical.com.ar\/notas\/var\/www\/html\/notas\/wp-content\/uploads\/2019\/11\/Wayla-turismo.jpg 1200w\" sizes=\"auto, (max-width: 1024px) 100vw, 1024px\" \/><\/figure>\n\n\n\n<p class=\"wp-block-paragraph\"> La empresa Wayla  Turismo inform\u00f3 a trav\u00e9s de su cuenta de Instagram que no podr\u00e1 hacer  frente a sus obligaciones. Afecta a estudiantes de todo el pa\u00eds que  deber\u00e1n apelar a la Cuota Cero. <\/p>\n\n\n\n<p class=\"wp-block-paragraph\">Unos <strong>1.650&nbsp;estudiantes&nbsp;de todo el pa\u00eds se quedaron sin viaje de egresados<\/strong>&nbsp;tras conocerse que la empresa <strong>Wayla&nbsp;Turismo present\u00f3 quiebra. Con los precios actuales, se sabe que cada alumno pag\u00f3 su viaje entre 50 y 70 mil pesos.<\/strong><\/p>\n\n\n\n<p class=\"wp-block-paragraph\">Los alumnos se enteraron por medio de las redes sociales que la \nempresa Wayla Turismo, con quienes contrataron su viaje de egresados \nquebr\u00f3. La misma situaci\u00f3n atraviesan estudiantes de otras escuelas de \nC\u00f3rdoba, Bariloche, San Luis y Rosario.<\/p>\n\n\n\n<p class=\"wp-block-paragraph\">Por medio de un comunicado en su cuenta de\u00a0<em>Instagram<\/em>, la  firma, cuya casa central se encuentra en Buenos Aires, inform\u00f3 que no  podr\u00e1 cumplir con los contrato y explica que la Secretar\u00eda de Turismo de  la Naci\u00f3n se \u201ccomunicar\u00e1 con los padres firmantes para reubicar a los  pasajeros\u201d.<\/p>\n\n\n\n<p class=\"wp-block-paragraph\">\u201cSomos los pap\u00e1s de sexto a\u00f1o, ven\u00edamos hace dos a\u00f1os abonando el \nviaje de estudio de los chicos. En un principio era a Cuba y con el \ncambio del d\u00f3lar nos pasamos a Fortaleza, Brasil y esta ma\u00f1ana le\u00edmos un\n comunicado donde la empresa cesa la actividad y dec\u00edan que nos ten\u00edamos\n que comunicar con el Ministerio de Turismo de la Naci\u00f3n. Ellos no se \ncomunicaron con nosotros, pagamos completo el viaje y los chicos salen \nen un mes y es muy angustiante la situaci\u00f3n\u201d, reclam\u00f3&nbsp;la madre de un \nalumno cordob\u00e9s en di\u00e1logo con Cadena 3, a poco menos de un mes de dicho\n viaje.<\/p>\n\n\n\n<p class=\"wp-block-paragraph\">El mismo caso y con la misma empresa se registr\u00f3 en Bariloche, donde \nel cierre de Wayla Turismo afect\u00f3 a 37 estudiantes de quinto a\u00f1o de tres\n colegios diferentes. No obstante, en este caso los padres ya obtuvieron\n una respuesta por parte de las autoridades de Turismo provinciales y \nnacionales.<\/p>\n\n\n\n<p class=\"wp-block-paragraph\">El secretario de Turismo de R\u00edo Negro, Daniel Garc\u00eda, asegur\u00f3 que le \nlograron transmitir tranquilidad a los padres y que esta semana van a \ntener una respuesta: \u201cEl viaje era a Fortaleza pero no hay otras \nempresas que lo hagan as\u00ed que iban a buscar un destino alternativo y le \niban a respetar la fecha de los viajes. El Ministerio de Turismo se iba a\n poner en contacto y esta semana le iban a dar una respuesta sobre qu\u00e9 \nempresa los iba a transportar\u201d.<\/p>\n\n\n\n<p class=\"wp-block-paragraph\">La ley de Turismo Estudiantil establece el pago de lo que se llama<strong>\n Cuota Cero, que es un aporte que realizan las agencias al Fondo de \nTurismo Estudiantil y constituye el 6% del valor del paquete b\u00e1sico del \nviaje<\/strong>. En casos como estos, se acciona ese fideicomiso y de este modo se garantiza el viaje a los estudiantes afectados.<\/p>\n\n\n\n<p class=\"wp-block-paragraph\">Sin embargo, frente a estas situaciones la Secretar\u00eda de Turismo de \nla Naci\u00f3n s\u00f3lo puede garantizar el servicio de transporte, el \nalojamiento y las excursiones b\u00e1sicas.<\/p>\n\n\n\n<p class=\"wp-block-paragraph\">Cabe recordar que hace dos a\u00f1os, cuando quebr\u00f3 la empresa Snow Travel\n el Ministerio de Turismo tambi\u00e9n debi\u00f3 hacer uso de esta Cuota Cero \npara asegurar el viaje de los estudiantes estafados.&nbsp;<\/p>\n","protected":false},"excerpt":{"rendered":"<p>La empresa Wayla Turismo inform\u00f3 a trav\u00e9s de su cuenta de Instagram que no podr\u00e1 hacer frente a sus obligaciones. Afecta a estudiantes de todo el pa\u00eds que deber\u00e1n apelar a la Cuota Cero. Unos 1.650&nbsp;estudiantes&nbsp;de todo el pa\u00eds se quedaron sin viaje de egresados&nbsp;tras conocerse que la empresa Wayla&nbsp;Turismo present\u00f3 quiebra. Con los precios&hellip;<\/p>\n","protected":false},"author":1,"featured_media":90976,"comment_status":"open","ping_status":"open","sticky":false,"template":"","format":"standard","meta":{"footnotes":""},"categories":[28],"tags":[31799,29340,2429,31798],"class_list":["post-90975","post","type-post","status-publish","format-standard","has-post-thumbnail","hentry","category-empresariales","tag-agencia-de-turismo","tag-egresados","tag-quiebra","tag-wayla"],"_links":{"self":[{"href":"https:\/\/www.elsindical.com.ar\/notas\/wp-json\/wp\/v2\/posts\/90975","targetHints":{"allow":["GET"]}}],"collection":[{"href":"https:\/\/www.elsindical.com.ar\/notas\/wp-json\/wp\/v2\/posts"}],"about":[{"href":"https:\/\/www.elsindical.com.ar\/notas\/wp-json\/wp\/v2\/types\/post"}],"author":[{"embeddable":true,"href":"https:\/\/www.elsindical.com.ar\/notas\/wp-json\/wp\/v2\/users\/1"}],"replies":[{"embeddable":true,"href":"https:\/\/www.elsindical.com.ar\/notas\/wp-json\/wp\/v2\/comments?post=90975"}],"version-history":[{"count":1,"href":"https:\/\/www.elsindical.com.ar\/notas\/wp-json\/wp\/v2\/posts\/90975\/revisions"}],"predecessor-version":[{"id":90977,"href":"https:\/\/www.elsindical.com.ar\/notas\/wp-json\/wp\/v2\/posts\/90975\/revisions\/90977"}],"wp:featuredmedia":[{"embeddable":true,"href":"https:\/\/www.elsindical.com.ar\/notas\/wp-json\/wp\/v2\/media\/90976"}],"wp:attachment":[{"href":"https:\/\/www.elsindical.com.ar\/notas\/wp-json\/wp\/v2\/media?parent=90975"}],"wp:term":[{"taxonomy":"category","embeddable":true,"href":"https:\/\/www.elsindical.com.ar\/notas\/wp-json\/wp\/v2\/categories?post=90975"},{"taxonomy":"post_tag","embeddable":true,"href":"https:\/\/www.elsindical.com.ar\/notas\/wp-json\/wp\/v2\/tags?post=90975"}],"curies":[{"name":"wp","href":"https:\/\/api.w.org\/{rel}","templated":true}]}}