{"id":90971,"date":"2019-11-08T17:18:08","date_gmt":"2019-11-08T20:18:08","guid":{"rendered":"http:\/\/www.elsindical.com.ar\/notas\/?p=90971"},"modified":"2019-11-08T17:18:08","modified_gmt":"2019-11-08T20:18:08","slug":"lula-a-punto-de-quedar-en-libertad","status":"publish","type":"post","link":"https:\/\/www.elsindical.com.ar\/notas\/lula-a-punto-de-quedar-en-libertad\/","title":{"rendered":"Lula a punto de quedar en libertad"},"content":{"rendered":"\n<figure class=\"wp-block-image\"><img loading=\"lazy\" decoding=\"async\" width=\"660\" height=\"371\" src=\"http:\/\/www.elsindical.com.ar\/notas\/var\/www\/html\/notas\/wp-content\/uploads\/2019\/11\/Lula-Da-Silva-pu\u00f1o.jpg\" alt=\"\" class=\"wp-image-90973\" srcset=\"https:\/\/www.elsindical.com.ar\/notas\/var\/www\/html\/notas\/wp-content\/uploads\/2019\/11\/Lula-Da-Silva-pu\u00f1o.jpg 660w, https:\/\/www.elsindical.com.ar\/notas\/var\/www\/html\/notas\/wp-content\/uploads\/2019\/11\/Lula-Da-Silva-pu\u00f1o-300x169.jpg 300w, https:\/\/www.elsindical.com.ar\/notas\/var\/www\/html\/notas\/wp-content\/uploads\/2019\/11\/Lula-Da-Silva-pu\u00f1o-500x281.jpg 500w, https:\/\/www.elsindical.com.ar\/notas\/var\/www\/html\/notas\/wp-content\/uploads\/2019\/11\/Lula-Da-Silva-pu\u00f1o-460x260.jpg 460w\" sizes=\"auto, (max-width: 660px) 100vw, 660px\" \/><\/figure>\n\n\n\n<p> Los abogados del ex  presidente de Brasil, Luis In\u00e1cio \u00abLula\u00bb Da Silva, hab\u00edan pedido que sea  liberado inmediatamente tras un fallo de la Corte Suprema que se  conoci\u00f3 en las \u00faltimas horas del jueves. <\/p>\n\n\n\n<p><strong>La Justicia de Brasil orden\u00f3 la liberaci\u00f3n del ex presidente, Luis&nbsp;In\u00e1cio&nbsp;\u00abLula\u00bb Da Siva.<\/strong> Los <strong>abogados del ex presidente&nbsp;hab\u00edan pedido que sea liberado inmediatamente<\/strong> tras un fallo de la Corte Suprema que se conoci\u00f3 en las \u00faltimas horas del jueves.<\/p>\n\n\n\n<p>La decisi\u00f3n, publicada a las 4:15, hora local, se produjo despu\u00e9s de  la sentencia del Tribunal Supremo (STF) el jueves, que prohibi\u00f3 la  permanencia en prisi\u00f3n de los condenados en segunda instancia, como es  el caso del ex mandatario.<\/p>\n\n\n\n<p>As\u00ed se supo aqu\u00ed en relaci\u00f3n con la <strong>resoluci\u00f3n que sali\u00f3 por seis votos contra cinco en Brasil<\/strong>.<\/p>\n\n\n\n<p>La Corte de aquel pa\u00eds estableci\u00f3 que la prisi\u00f3n de un condenado en segunda instancia es inconstitucional.<\/p>\n\n\n\n<p>Lula <strong>permanece en prisi\u00f3n desde el 7 de abril de 2018<\/strong>,\n tras un juicio que ha sido considerado una persecuci\u00f3n judicial en su \ncontra para impedir su postulaci\u00f3n como candidato presidencial. Desde \nentonces, los movimientos sociales se mantienen en vigilia en las \ncercan\u00edas de la Superintendencia de la Polic\u00eda Federal de Curitiba, \ndonde se encuentra.<\/p>\n\n\n\n<p>El l\u00edder del Partido de los Trabajadores (PT) ha sido recibido una  condena de ocho a\u00f1os y 10 meses por su supuesta corrupci\u00f3n y lavado de  dinero en la operaci\u00f3n lava Jato.\u00a0<\/p>\n\n\n\n<p>As\u00ed fall\u00f3 en contrario de una jurisprudencia del 2016 y dej\u00f3 la puerta abierta para la liberaci\u00f3n del ex presidente.<\/p>\n\n\n\n<p>Se estima que esa decisi\u00f3n puede permitir que miles de presos,  entre ellos muchos vinculados al Lava Jato, puedan recuperar su  libertad, al menos hasta que no haya una sentencia definitiva.<\/p>\n\n\n\n<p>El vicepresidente de Brasil, general retirado Hamilton Mourao,  fustig\u00f3 hoy la decisi\u00f3n del Supremo Tribunal Federal que permite la  liberaci\u00f3n de presos sin sentencia firme en todas las instancias, entre  ellos Lula.<\/p>\n\n\n\n<p>\u00abHoy, 8 de noviembre de 2019, cabe preguntar: \u00bfd\u00f3nde est\u00e1 el  estado de derecho en Brasil? \u00bfEst\u00e1 al sabor de la pol\u00edtica?\u00bb, dijo en  las redes sociales Mourao.<\/p>\n","protected":false},"excerpt":{"rendered":"<p>Los abogados del ex presidente de Brasil, Luis In\u00e1cio \u00abLula\u00bb Da Silva, hab\u00edan pedido que sea liberado inmediatamente tras un fallo de la Corte Suprema que se conoci\u00f3 en las \u00faltimas horas del jueves. La Justicia de Brasil orden\u00f3 la liberaci\u00f3n del ex presidente, Luis&nbsp;In\u00e1cio&nbsp;\u00abLula\u00bb Da Siva. Los abogados del ex presidente&nbsp;hab\u00edan pedido que sea&hellip;<\/p>\n","protected":false},"author":1,"featured_media":90973,"comment_status":"open","ping_status":"open","sticky":false,"template":"","format":"standard","meta":{"footnotes":""},"categories":[18],"tags":[197,1684,15769,22157],"class_list":["post-90971","post","type-post","status-publish","format-standard","has-post-thumbnail","hentry","category-internacionales","tag-fallo","tag-libertad","tag-lula","tag-stf"],"_links":{"self":[{"href":"https:\/\/www.elsindical.com.ar\/notas\/wp-json\/wp\/v2\/posts\/90971","targetHints":{"allow":["GET"]}}],"collection":[{"href":"https:\/\/www.elsindical.com.ar\/notas\/wp-json\/wp\/v2\/posts"}],"about":[{"href":"https:\/\/www.elsindical.com.ar\/notas\/wp-json\/wp\/v2\/types\/post"}],"author":[{"embeddable":true,"href":"https:\/\/www.elsindical.com.ar\/notas\/wp-json\/wp\/v2\/users\/1"}],"replies":[{"embeddable":true,"href":"https:\/\/www.elsindical.com.ar\/notas\/wp-json\/wp\/v2\/comments?post=90971"}],"version-history":[{"count":2,"href":"https:\/\/www.elsindical.com.ar\/notas\/wp-json\/wp\/v2\/posts\/90971\/revisions"}],"predecessor-version":[{"id":90974,"href":"https:\/\/www.elsindical.com.ar\/notas\/wp-json\/wp\/v2\/posts\/90971\/revisions\/90974"}],"wp:featuredmedia":[{"embeddable":true,"href":"https:\/\/www.elsindical.com.ar\/notas\/wp-json\/wp\/v2\/media\/90973"}],"wp:attachment":[{"href":"https:\/\/www.elsindical.com.ar\/notas\/wp-json\/wp\/v2\/media?parent=90971"}],"wp:term":[{"taxonomy":"category","embeddable":true,"href":"https:\/\/www.elsindical.com.ar\/notas\/wp-json\/wp\/v2\/categories?post=90971"},{"taxonomy":"post_tag","embeddable":true,"href":"https:\/\/www.elsindical.com.ar\/notas\/wp-json\/wp\/v2\/tags?post=90971"}],"curies":[{"name":"wp","href":"https:\/\/api.w.org\/{rel}","templated":true}]}}