{"id":90957,"date":"2019-11-08T16:46:18","date_gmt":"2019-11-08T19:46:18","guid":{"rendered":"http:\/\/www.elsindical.com.ar\/notas\/?p=90957"},"modified":"2019-11-08T16:46:18","modified_gmt":"2019-11-08T19:46:18","slug":"festival-por-las-victimas-de-la-tragedia-de-transradio","status":"publish","type":"post","link":"https:\/\/www.elsindical.com.ar\/notas\/festival-por-las-victimas-de-la-tragedia-de-transradio\/","title":{"rendered":"Festival por las v\u00edctimas de la Tragedia de Transradio"},"content":{"rendered":"\n<figure class=\"wp-block-image\"><img loading=\"lazy\" decoding=\"async\" width=\"712\" height=\"513\" src=\"http:\/\/www.elsindical.com.ar\/notas\/var\/www\/html\/notas\/wp-content\/uploads\/2019\/11\/justicia-por-detenidos-en-Transradio.jpg\" alt=\"\" class=\"wp-image-90958\" srcset=\"https:\/\/www.elsindical.com.ar\/notas\/var\/www\/html\/notas\/wp-content\/uploads\/2019\/11\/justicia-por-detenidos-en-Transradio.jpg 712w, https:\/\/www.elsindical.com.ar\/notas\/var\/www\/html\/notas\/wp-content\/uploads\/2019\/11\/justicia-por-detenidos-en-Transradio-300x216.jpg 300w, https:\/\/www.elsindical.com.ar\/notas\/var\/www\/html\/notas\/wp-content\/uploads\/2019\/11\/justicia-por-detenidos-en-Transradio-416x300.jpg 416w\" sizes=\"auto, (max-width: 712px) 100vw, 712px\" \/><\/figure>\n\n\n\n<p> Ser\u00e1 este s\u00e1bado desde las 16 en la Plaza  de los Fundadores. Habr\u00e1 shows, cantantes y bailes. \u201cEstamos estancados  en el mismo lugar, por eso lo seguimos visibilizando\u201d, afirm\u00f3 Matilde,  madre de El\u00edas Soto. <\/p>\n\n\n\n<p>A casi un a\u00f1o de la Tragedia de Transradio, familiares y amigos  de las v\u00edctimas realizar\u00e1n un festival en la Plaza de los Fundadores de  Monte Grande, partido de Esteban Echeverr\u00eda, para que se contin\u00fae  \u201cvisibilizando\u201d su lucha.\u00a0<\/p>\n\n\n\n<p>\u201cEstamos estancados en el mismo lugar, por eso seguimos con las  actividades para pedir Justicia\u201d, asegur\u00f3 Matilde Rojas, la madre de  El\u00edas Soto.<\/p>\n\n\n\n<p>\u201cVamos a tener bandas, shows en vivo, cantantes y bailes. Se va a \nleer un documento sobre la problem\u00e1tica de la c\u00e1rcel, de la gente en la \ncomisar\u00eda y las condiciones de los presos, con la sobrepoblaci\u00f3n como \ntema principal\u201d, precis\u00f3 Matilde.&nbsp;<\/p>\n\n\n\n<p>A su vez, la madre de El\u00edas Rojas  indic\u00f3 que se compartir\u00e1 \u201cun informe de pedido reclamando al fiscal m\u00e1s  avances en la causa\u201d. \u201cNo queremos que se olvide nuestra lucha\u201d,  agreg\u00f3, en charla con este medio.\u00a0<\/p>\n\n\n\n<p>Matilde, en esa sinton\u00eda, apunt\u00f3 que \u201cesta semana habr\u00e1 novedades con los abogados para ver si el fiscal (Fernando Semisa)  cambi\u00f3 algo de su punto de vista\u201d. \u201cTuve la oportunidad de hablar con  \u00e9l y mantiene que la culpa son de los tres j\u00f3venes que iniciaron el  supuesto mot\u00edn prendiendo fuego el colch\u00f3n. Le ped\u00ed que investigue a los  polic\u00edas y a los bomberos tambi\u00e9n, porque por ejemplo no hab\u00eda  matafuegos en el lugar\u201d, concluy\u00f3.\u00a0<\/p>\n\n\n\n<h5 class=\"wp-block-heading\">Contin\u00faan la lucha<\/h5>\n\n\n\n<p>El viernes 15 de noviembre, a un a\u00f1o de la tragedia, se llevar\u00e1 a \ncabo una marcha desde Salta y Camino de Cintura hasta la Comisar\u00eda de \nTransradio, bajo el lema \u201cNi mot\u00edn ni fuga: Justicia por los diez\u201d.&nbsp;<\/p>\n","protected":false},"excerpt":{"rendered":"<p>Ser\u00e1 este s\u00e1bado desde las 16 en la Plaza de los Fundadores. Habr\u00e1 shows, cantantes y bailes. \u201cEstamos estancados en el mismo lugar, por eso lo seguimos visibilizando\u201d, afirm\u00f3 Matilde, madre de El\u00edas Soto. A casi un a\u00f1o de la Tragedia de Transradio, familiares y amigos de las v\u00edctimas realizar\u00e1n un festival en la Plaza&hellip;<\/p>\n","protected":false},"author":1,"featured_media":90958,"comment_status":"open","ping_status":"open","sticky":false,"template":"","format":"standard","meta":{"footnotes":""},"categories":[25],"tags":[29890,2065,41,31795,30260],"class_list":["post-90957","post","type-post","status-publish","format-standard","has-post-thumbnail","hentry","category-sociedad","tag-comisaria-de-transradio","tag-festival","tag-justicia","tag-masacre-esteban-echeverria","tag-victimas-2"],"_links":{"self":[{"href":"https:\/\/www.elsindical.com.ar\/notas\/wp-json\/wp\/v2\/posts\/90957","targetHints":{"allow":["GET"]}}],"collection":[{"href":"https:\/\/www.elsindical.com.ar\/notas\/wp-json\/wp\/v2\/posts"}],"about":[{"href":"https:\/\/www.elsindical.com.ar\/notas\/wp-json\/wp\/v2\/types\/post"}],"author":[{"embeddable":true,"href":"https:\/\/www.elsindical.com.ar\/notas\/wp-json\/wp\/v2\/users\/1"}],"replies":[{"embeddable":true,"href":"https:\/\/www.elsindical.com.ar\/notas\/wp-json\/wp\/v2\/comments?post=90957"}],"version-history":[{"count":1,"href":"https:\/\/www.elsindical.com.ar\/notas\/wp-json\/wp\/v2\/posts\/90957\/revisions"}],"predecessor-version":[{"id":90959,"href":"https:\/\/www.elsindical.com.ar\/notas\/wp-json\/wp\/v2\/posts\/90957\/revisions\/90959"}],"wp:featuredmedia":[{"embeddable":true,"href":"https:\/\/www.elsindical.com.ar\/notas\/wp-json\/wp\/v2\/media\/90958"}],"wp:attachment":[{"href":"https:\/\/www.elsindical.com.ar\/notas\/wp-json\/wp\/v2\/media?parent=90957"}],"wp:term":[{"taxonomy":"category","embeddable":true,"href":"https:\/\/www.elsindical.com.ar\/notas\/wp-json\/wp\/v2\/categories?post=90957"},{"taxonomy":"post_tag","embeddable":true,"href":"https:\/\/www.elsindical.com.ar\/notas\/wp-json\/wp\/v2\/tags?post=90957"}],"curies":[{"name":"wp","href":"https:\/\/api.w.org\/{rel}","templated":true}]}}