{"id":90952,"date":"2019-11-08T12:19:52","date_gmt":"2019-11-08T15:19:52","guid":{"rendered":"http:\/\/www.elsindical.com.ar\/notas\/?p=90952"},"modified":"2019-11-08T12:19:52","modified_gmt":"2019-11-08T15:19:52","slug":"escuelas-lanzaron-un-nuevo-cohete-del-programa-pampa-cielo","status":"publish","type":"post","link":"https:\/\/www.elsindical.com.ar\/notas\/escuelas-lanzaron-un-nuevo-cohete-del-programa-pampa-cielo\/","title":{"rendered":"Escuelas lanzaron un nuevo cohete del Programa Pampa Cielo"},"content":{"rendered":"\n<figure class=\"wp-block-image\"><img loading=\"lazy\" decoding=\"async\" width=\"750\" height=\"350\" src=\"http:\/\/www.elsindical.com.ar\/notas\/var\/www\/html\/notas\/wp-content\/uploads\/2019\/11\/3889_armado750.jpg\" alt=\"\" class=\"wp-image-90953\" srcset=\"https:\/\/www.elsindical.com.ar\/notas\/var\/www\/html\/notas\/wp-content\/uploads\/2019\/11\/3889_armado750.jpg 750w, https:\/\/www.elsindical.com.ar\/notas\/var\/www\/html\/notas\/wp-content\/uploads\/2019\/11\/3889_armado750-300x140.jpg 300w, https:\/\/www.elsindical.com.ar\/notas\/var\/www\/html\/notas\/wp-content\/uploads\/2019\/11\/3889_armado750-500x233.jpg 500w\" sizes=\"auto, (max-width: 750px) 100vw, 750px\" \/><\/figure>\n\n\n\n<p>El Instituto Civil de Tecnolog\u00eda Espacial (ICTE) dio un nuevo paso  con el objetivo de constituir una Red Interescolar Espacial. En esta  oportunidad, se lanz\u00f3 exitosamente un vector con la participaci\u00f3n de las  escuelas t\u00e9cnicas de Chascom\u00fas y Magdalena.<\/p>\n\n\n\n<p><strong>Agencia CTyS-UNLaM &#8211;<\/strong> El pasado 31 de octubre, el \nICTE dio un peque\u00f1o paso para la coheter\u00eda espacial y un gran salto para\n el desarrollo de una Red Interescolar Espacial en el marco del programa\n \u201cPampa Cielo\u201d que, en sus etapas finales, prev\u00e9 el desarrollo de \ncohetes antigranizo y de sondas meteorol\u00f3gicas.<\/p>\n\n\n\n<p>El vicepresidente del ICTE Alejandro Pedro Yaya coment\u00f3 a la <strong>Agencia CTyS-UNLaM <\/strong>que\n el Programa Pampa Cielo est\u00e1 concretado en un 40 por ciento e indic\u00f3 \nque \u201cuna de las metas previstas es realizar cohetes antigranizo para \nreducir los temporales que provocan grandes p\u00e9rdidas a los productores \nagr\u00edcolas en provincias como Mendoza\u201d.<\/p>\n\n\n\n<p>\u201cAsimismo, anhelamos \nconstituir una red de colaboraci\u00f3n interescolar espacial a nivel \nnacional\u201d, cont\u00f3 Yaya. Y agreg\u00f3: \u201cCada a\u00f1o, damos nuevos avances en este\n sentido y, en esta oportunidad, se ha sumado a este operativo de \nlanzamiento la escuela t\u00e9cnica de Chascom\u00fas\u201d.<\/p>\n\n\n\n<p>El vicepresidente \ndel ICTE destac\u00f3 que \u201clos chicos de la escuela de Chascom\u00fas tuvieron su \nprimera experiencia en el lanzamiento de un vector gracias al apoyo de \nla Escuela T\u00e9cnica de Magdalena, la cual es el nodo central de \noperaciones a nivel educaci\u00f3n media\u201d.<\/p>\n\n\n\n<p>El cohete fue realizado \nabsolutamente con material pl\u00e1stico y, seg\u00fan cont\u00f3 Yaya, los estudiantes\n de la t\u00e9cnica de Chascom\u00fas adquirieron los conocimientos para comenzar a\n ejecutar sus propias infraestructuras. En 2020, podr\u00edan estar listos \npara realizar lanzamientos de manera aut\u00f3noma.<\/p>\n\n\n\n<p>\u201cLos alumnos \naprendieron todos los pormenores de la log\u00edstica necesaria para el \nmontaje de la torre de lanzamiento y para la preparaci\u00f3n del cohete\u201d, \ncont\u00f3 Yaya a la <strong>Agencia CTyS-UNLaM<\/strong>.<\/p>\n\n\n\n<p>El \ncombustible del cohete eyectado -una variante de Micrograin- tambi\u00e9n fue\n  provisto por el ICTE. En esta ocasi\u00f3n, el lanzamiento del vector \ndenominado Motivaci\u00f3n permiti\u00f3 efectuar una prueba de resistencia del \nmotor y de los fuselajes de materiales pl\u00e1sticos.<\/p>\n\n\n\n<p>\u201cA trav\u00e9s de la  coheter\u00eda, buscamos colaborar en la formaci\u00f3n tecnol\u00f3gica de los chicos,   incorporando y aplicando curricularmente distintos conocimientos  pr\u00e1cticos y te\u00f3ricos en los contextos diversos de sus materias  t\u00e9cnicas\u201d, puntualiz\u00f3 el vicepresidente del ICTE.<\/p>\n\n\n\n<ul class=\"wp-block-gallery columns-1 is-cropped wp-block-gallery-1 is-layout-flex wp-block-gallery-is-layout-flex\"><li class=\"blocks-gallery-item\"><figure><img loading=\"lazy\" decoding=\"async\" width=\"750\" height=\"350\" src=\"http:\/\/www.elsindical.com.ar\/notas\/var\/www\/html\/notas\/wp-content\/uploads\/2019\/11\/3889_comjb750.jpg\" alt=\"\" data-id=\"90954\" data-link=\"http:\/\/www.elsindical.com.ar\/notas\/?attachment_id=90954#main\" class=\"wp-image-90954\" srcset=\"https:\/\/www.elsindical.com.ar\/notas\/var\/www\/html\/notas\/wp-content\/uploads\/2019\/11\/3889_comjb750.jpg 750w, https:\/\/www.elsindical.com.ar\/notas\/var\/www\/html\/notas\/wp-content\/uploads\/2019\/11\/3889_comjb750-300x140.jpg 300w, https:\/\/www.elsindical.com.ar\/notas\/var\/www\/html\/notas\/wp-content\/uploads\/2019\/11\/3889_comjb750-500x233.jpg 500w\" sizes=\"auto, (max-width: 750px) 100vw, 750px\" \/><\/figure><\/li><li class=\"blocks-gallery-item\"><figure><img loading=\"lazy\" decoding=\"async\" width=\"750\" height=\"350\" src=\"http:\/\/www.elsindical.com.ar\/notas\/var\/www\/html\/notas\/wp-content\/uploads\/2019\/11\/3889_portada750.jpg\" alt=\"\" data-id=\"90955\" data-link=\"http:\/\/www.elsindical.com.ar\/notas\/?attachment_id=90955#main\" class=\"wp-image-90955\" srcset=\"https:\/\/www.elsindical.com.ar\/notas\/var\/www\/html\/notas\/wp-content\/uploads\/2019\/11\/3889_portada750.jpg 750w, https:\/\/www.elsindical.com.ar\/notas\/var\/www\/html\/notas\/wp-content\/uploads\/2019\/11\/3889_portada750-300x140.jpg 300w, https:\/\/www.elsindical.com.ar\/notas\/var\/www\/html\/notas\/wp-content\/uploads\/2019\/11\/3889_portada750-500x233.jpg 500w\" sizes=\"auto, (max-width: 750px) 100vw, 750px\" \/><\/figure><\/li><\/ul>\n\n\n\n<iframe loading=\"lazy\" width=\"580\" height=\"420\" src=\"https:\/\/www.youtube.com\/embed\/XWnG-2BpyUw\" frameborder=\"0\" allow=\"accelerometer; autoplay; encrypted-media; gyroscope; picture-in-picture\" allowfullscreen><\/iframe>\n","protected":false},"excerpt":{"rendered":"<p>El Instituto Civil de Tecnolog\u00eda Espacial (ICTE) dio un nuevo paso con el objetivo de constituir una Red Interescolar Espacial. En esta oportunidad, se lanz\u00f3 exitosamente un vector con la participaci\u00f3n de las escuelas t\u00e9cnicas de Chascom\u00fas y Magdalena. Agencia CTyS-UNLaM &#8211; El pasado 31 de octubre, el ICTE dio un peque\u00f1o paso para la&hellip;<\/p>\n","protected":false},"author":1,"featured_media":90953,"comment_status":"open","ping_status":"open","sticky":false,"template":"","format":"standard","meta":{"footnotes":""},"categories":[3],"tags":[7659,31793,31792,9597,31794],"class_list":["post-90952","post","type-post","status-publish","format-standard","has-post-thumbnail","hentry","category-capacitacion","tag-capacitacion-2","tag-coheteria","tag-icte","tag-magdalena","tag-programa-pampa"],"_links":{"self":[{"href":"https:\/\/www.elsindical.com.ar\/notas\/wp-json\/wp\/v2\/posts\/90952","targetHints":{"allow":["GET"]}}],"collection":[{"href":"https:\/\/www.elsindical.com.ar\/notas\/wp-json\/wp\/v2\/posts"}],"about":[{"href":"https:\/\/www.elsindical.com.ar\/notas\/wp-json\/wp\/v2\/types\/post"}],"author":[{"embeddable":true,"href":"https:\/\/www.elsindical.com.ar\/notas\/wp-json\/wp\/v2\/users\/1"}],"replies":[{"embeddable":true,"href":"https:\/\/www.elsindical.com.ar\/notas\/wp-json\/wp\/v2\/comments?post=90952"}],"version-history":[{"count":1,"href":"https:\/\/www.elsindical.com.ar\/notas\/wp-json\/wp\/v2\/posts\/90952\/revisions"}],"predecessor-version":[{"id":90956,"href":"https:\/\/www.elsindical.com.ar\/notas\/wp-json\/wp\/v2\/posts\/90952\/revisions\/90956"}],"wp:featuredmedia":[{"embeddable":true,"href":"https:\/\/www.elsindical.com.ar\/notas\/wp-json\/wp\/v2\/media\/90953"}],"wp:attachment":[{"href":"https:\/\/www.elsindical.com.ar\/notas\/wp-json\/wp\/v2\/media?parent=90952"}],"wp:term":[{"taxonomy":"category","embeddable":true,"href":"https:\/\/www.elsindical.com.ar\/notas\/wp-json\/wp\/v2\/categories?post=90952"},{"taxonomy":"post_tag","embeddable":true,"href":"https:\/\/www.elsindical.com.ar\/notas\/wp-json\/wp\/v2\/tags?post=90952"}],"curies":[{"name":"wp","href":"https:\/\/api.w.org\/{rel}","templated":true}]}}