{"id":90948,"date":"2019-11-07T14:49:13","date_gmt":"2019-11-07T17:49:13","guid":{"rendered":"http:\/\/www.elsindical.com.ar\/notas\/?p=90948"},"modified":"2019-11-07T14:49:13","modified_gmt":"2019-11-07T17:49:13","slug":"entro-en-vigencia-el-plan-nacional-para-la-reduccion-de-femicidios","status":"publish","type":"post","link":"https:\/\/www.elsindical.com.ar\/notas\/entro-en-vigencia-el-plan-nacional-para-la-reduccion-de-femicidios\/","title":{"rendered":"Entr\u00f3 en vigencia el Plan Nacional para la Reducci\u00f3n de Femicidios"},"content":{"rendered":"\n<figure class=\"wp-block-image\"><img loading=\"lazy\" decoding=\"async\" width=\"620\" height=\"370\" src=\"http:\/\/www.elsindical.com.ar\/notas\/var\/www\/html\/notas\/wp-content\/uploads\/2017\/07\/No-m\u00e1s-femicidios.jpg\" alt=\"\" class=\"wp-image-70422\" srcset=\"https:\/\/www.elsindical.com.ar\/notas\/var\/www\/html\/notas\/wp-content\/uploads\/2017\/07\/No-m\u00e1s-femicidios.jpg 620w, https:\/\/www.elsindical.com.ar\/notas\/var\/www\/html\/notas\/wp-content\/uploads\/2017\/07\/No-m\u00e1s-femicidios-300x179.jpg 300w, https:\/\/www.elsindical.com.ar\/notas\/var\/www\/html\/notas\/wp-content\/uploads\/2017\/07\/No-m\u00e1s-femicidios-500x298.jpg 500w\" sizes=\"auto, (max-width: 620px) 100vw, 620px\" \/><\/figure>\n\n\n\n<p> As\u00ed se estableci\u00f3 este jueves en el  Bolet\u00edn Oficial. La resoluci\u00f3n del Ministerio de Seguridad aprueba el  plan de Coordinaci\u00f3n de Pol\u00edticas de G\u00e9nero y No Discriminaci\u00f3n de esa  cartera o el \u00e1rea que en un futuro la reemplace. <\/p>\n\n\n\n<p>El Plan Nacional de Seguridad para la Reducci\u00f3n de Femicidios, que anunciado por el presidente Mauricio Macri el 2 de octubre para combatir la violencia contra las mujeres, entr\u00f3 en vigencia este jueves a partir de su publicaci\u00f3n en el Bolet\u00edn Oficial.<\/p>\n\n\n\n<p>La resoluci\u00f3n 999\/2019 del Ministerio de Seguridad aprueba  el plan y encomienda al \u00e1rea de Coordinaci\u00f3n de Pol\u00edticas de G\u00e9nero y  No Discriminaci\u00f3n de esa cartera o el \u00e1rea que en un futuro la  reemplace, la tarea de seguimiento e implementaci\u00f3n del programa.<\/p>\n\n\n\n<p>En esa sinton\u00eda, se solicita que se lleven a cabo mecanismos\ny planes de trabajo para su implementaci\u00f3n, como tambi\u00e9n establecer los\nrequisitos y procedimientos para su funcionamiento con el objetivo de coordinar\ncon las autoridades competentes la realizaci\u00f3n de las distintas etapas\nprevistas. <\/p>\n\n\n\n<p>\u201cLos femicidios son la cara m\u00e1s cruenta y visible de la\nviolencia contra las mujeres y este delito es uno de los principales desaf\u00edos\nque enfrentan los pa\u00edses latinoamericanos en materia de seguridad ciudadana;\nraz\u00f3n por la cual corresponde proteger el derecho fundamental de las personas a\nvivir tranquilas y seguras\u201d, indica la resoluci\u00f3n.<\/p>\n\n\n\n<p>Las medidas est\u00e1n expresadas en cinco puntos, que consisten\nen la investigaci\u00f3n autom\u00e1tica ante la primera denuncia, cualquiera podr\u00e1\ndenunciar el hecho transformando la acci\u00f3n de instancia privada a p\u00fablica, y\ncentralizar y unificar toda la informaci\u00f3n de las l\u00edneas 144, del 911 y otras\ndonde se reciben llamadas por violencia de g\u00e9nero.<\/p>\n\n\n\n<p>Por su parte, la ministra de Seguridad de la Naci\u00f3n, Patricia Bullrich,  detall\u00f3 que los femicidios registrados en 2018 en todo el pa\u00eds  decendieron en un 12,1 por ciento con respecto al a\u00f1o anterior, en  sinton\u00eda que celebr\u00f3 el plan que entra en vigencia este jueves. <\/p>\n","protected":false},"excerpt":{"rendered":"<p>As\u00ed se estableci\u00f3 este jueves en el Bolet\u00edn Oficial. La resoluci\u00f3n del Ministerio de Seguridad aprueba el plan de Coordinaci\u00f3n de Pol\u00edticas de G\u00e9nero y No Discriminaci\u00f3n de esa cartera o el \u00e1rea que en un futuro la reemplace. El Plan Nacional de Seguridad para la Reducci\u00f3n de Femicidios, que anunciado por el presidente Mauricio&hellip;<\/p>\n","protected":false},"author":1,"featured_media":70422,"comment_status":"open","ping_status":"open","sticky":false,"template":"","format":"standard","meta":{"footnotes":""},"categories":[13],"tags":[1295,25338,76,1241,31790],"class_list":["post-90948","post","type-post","status-publish","format-standard","has-post-thumbnail","hentry","category-politica","tag-boletin-oficial","tag-femicidios","tag-mauricio-macri","tag-patricia-bullrich","tag-plan-nacional"],"_links":{"self":[{"href":"https:\/\/www.elsindical.com.ar\/notas\/wp-json\/wp\/v2\/posts\/90948","targetHints":{"allow":["GET"]}}],"collection":[{"href":"https:\/\/www.elsindical.com.ar\/notas\/wp-json\/wp\/v2\/posts"}],"about":[{"href":"https:\/\/www.elsindical.com.ar\/notas\/wp-json\/wp\/v2\/types\/post"}],"author":[{"embeddable":true,"href":"https:\/\/www.elsindical.com.ar\/notas\/wp-json\/wp\/v2\/users\/1"}],"replies":[{"embeddable":true,"href":"https:\/\/www.elsindical.com.ar\/notas\/wp-json\/wp\/v2\/comments?post=90948"}],"version-history":[{"count":1,"href":"https:\/\/www.elsindical.com.ar\/notas\/wp-json\/wp\/v2\/posts\/90948\/revisions"}],"predecessor-version":[{"id":90949,"href":"https:\/\/www.elsindical.com.ar\/notas\/wp-json\/wp\/v2\/posts\/90948\/revisions\/90949"}],"wp:featuredmedia":[{"embeddable":true,"href":"https:\/\/www.elsindical.com.ar\/notas\/wp-json\/wp\/v2\/media\/70422"}],"wp:attachment":[{"href":"https:\/\/www.elsindical.com.ar\/notas\/wp-json\/wp\/v2\/media?parent=90948"}],"wp:term":[{"taxonomy":"category","embeddable":true,"href":"https:\/\/www.elsindical.com.ar\/notas\/wp-json\/wp\/v2\/categories?post=90948"},{"taxonomy":"post_tag","embeddable":true,"href":"https:\/\/www.elsindical.com.ar\/notas\/wp-json\/wp\/v2\/tags?post=90948"}],"curies":[{"name":"wp","href":"https:\/\/api.w.org\/{rel}","templated":true}]}}