{"id":90847,"date":"2019-11-02T09:25:44","date_gmt":"2019-11-02T12:25:44","guid":{"rendered":"http:\/\/www.elsindical.com.ar\/notas\/?p=90847"},"modified":"2019-11-02T09:25:44","modified_gmt":"2019-11-02T12:25:44","slug":"palermo-capturan-a-farmaceutico-acusado-de-vender-pastillas-a-pibes-de-la-calle","status":"publish","type":"post","link":"https:\/\/www.elsindical.com.ar\/notas\/palermo-capturan-a-farmaceutico-acusado-de-vender-pastillas-a-pibes-de-la-calle\/","title":{"rendered":"Palermo: Capturan a farmac\u00e9utico acusado de vender \u00abpastillas\u00bb a pibes de la calle"},"content":{"rendered":"\n<figure class=\"wp-block-image\"><img loading=\"lazy\" decoding=\"async\" width=\"882\" height=\"488\" src=\"http:\/\/www.elsindical.com.ar\/notas\/var\/www\/html\/notas\/wp-content\/uploads\/2019\/11\/farmacia-detenido-en-Palermo.jpg\" alt=\"\" class=\"wp-image-90848\" srcset=\"https:\/\/www.elsindical.com.ar\/notas\/var\/www\/html\/notas\/wp-content\/uploads\/2019\/11\/farmacia-detenido-en-Palermo.jpg 882w, https:\/\/www.elsindical.com.ar\/notas\/var\/www\/html\/notas\/wp-content\/uploads\/2019\/11\/farmacia-detenido-en-Palermo-300x166.jpg 300w, https:\/\/www.elsindical.com.ar\/notas\/var\/www\/html\/notas\/wp-content\/uploads\/2019\/11\/farmacia-detenido-en-Palermo-768x425.jpg 768w, https:\/\/www.elsindical.com.ar\/notas\/var\/www\/html\/notas\/wp-content\/uploads\/2019\/11\/farmacia-detenido-en-Palermo-500x277.jpg 500w\" sizes=\"auto, (max-width: 882px) 100vw, 882px\" \/><\/figure>\n\n\n\n<p>El arresto se produjo en el  barrio porte\u00f1o de Palermo. Clonazepam y Rivotril\u00a0eran los medicamentos  que el detenido m\u00e1s suministraba en forma ilegal a los humildes j\u00f3venes. <\/p>\n\n\n\n<p>La Polic\u00eda de la Ciudad detuvo el pasado viernes a un farmac\u00e9utico en el barrio porte\u00f1o de Palermo acusado de vender psicof\u00e1rmacos a j\u00f3venes en situaci\u00f3n de calle, seg\u00fan se inform\u00f3 oficialmente.<\/p>\n\n\n\n<p>El procedimiento fue realizado por la Divisi\u00f3n de Delitos Contra la \nSalud en una farmacia ubicada en la intersecci\u00f3n de las calles Gallo y \nParaguay, que fue clausurada en forma preventiva.<\/p>\n\n\n\n<p>La identidad del farmac\u00e9utico no fue suministrada pero se indic\u00f3 que \nentre los medicamentos vendidos sin receta y fraccionados figuraban<strong> Clonazepam y Rivotril.<\/strong><\/p>\n\n\n\n<p><em>\u00abPrevio a realizar el procedimiento, se llevaron a cabo tareas de\n campo gracias a las cuales se pudo establecer la ubicaci\u00f3n del \ncomercio\u00bb<\/em>, indic\u00f3 un comunicado.<\/p>\n\n\n\n<p>Por orden de la justicia, la polic\u00eda secuestr\u00f3 la mercader\u00eda en infracci\u00f3n y detuvo al farmac\u00e9utico.<\/p>\n","protected":false},"excerpt":{"rendered":"<p>El arresto se produjo en el barrio porte\u00f1o de Palermo. Clonazepam y Rivotril\u00a0eran los medicamentos que el detenido m\u00e1s suministraba en forma ilegal a los humildes j\u00f3venes. La Polic\u00eda de la Ciudad detuvo el pasado viernes a un farmac\u00e9utico en el barrio porte\u00f1o de Palermo acusado de vender psicof\u00e1rmacos a j\u00f3venes en situaci\u00f3n de calle,&hellip;<\/p>\n","protected":false},"author":1,"featured_media":90848,"comment_status":"open","ping_status":"open","sticky":false,"template":"","format":"standard","meta":{"footnotes":""},"categories":[22],"tags":[29381,3220,1337,1558,10204],"class_list":["post-90847","post","type-post","status-publish","format-standard","has-post-thumbnail","hentry","category-policiales","tag-clonazepan","tag-farmacia","tag-palermo","tag-pastillas","tag-rivotril"],"_links":{"self":[{"href":"https:\/\/www.elsindical.com.ar\/notas\/wp-json\/wp\/v2\/posts\/90847","targetHints":{"allow":["GET"]}}],"collection":[{"href":"https:\/\/www.elsindical.com.ar\/notas\/wp-json\/wp\/v2\/posts"}],"about":[{"href":"https:\/\/www.elsindical.com.ar\/notas\/wp-json\/wp\/v2\/types\/post"}],"author":[{"embeddable":true,"href":"https:\/\/www.elsindical.com.ar\/notas\/wp-json\/wp\/v2\/users\/1"}],"replies":[{"embeddable":true,"href":"https:\/\/www.elsindical.com.ar\/notas\/wp-json\/wp\/v2\/comments?post=90847"}],"version-history":[{"count":1,"href":"https:\/\/www.elsindical.com.ar\/notas\/wp-json\/wp\/v2\/posts\/90847\/revisions"}],"predecessor-version":[{"id":90849,"href":"https:\/\/www.elsindical.com.ar\/notas\/wp-json\/wp\/v2\/posts\/90847\/revisions\/90849"}],"wp:featuredmedia":[{"embeddable":true,"href":"https:\/\/www.elsindical.com.ar\/notas\/wp-json\/wp\/v2\/media\/90848"}],"wp:attachment":[{"href":"https:\/\/www.elsindical.com.ar\/notas\/wp-json\/wp\/v2\/media?parent=90847"}],"wp:term":[{"taxonomy":"category","embeddable":true,"href":"https:\/\/www.elsindical.com.ar\/notas\/wp-json\/wp\/v2\/categories?post=90847"},{"taxonomy":"post_tag","embeddable":true,"href":"https:\/\/www.elsindical.com.ar\/notas\/wp-json\/wp\/v2\/tags?post=90847"}],"curies":[{"name":"wp","href":"https:\/\/api.w.org\/{rel}","templated":true}]}}