{"id":90821,"date":"2019-11-01T14:13:26","date_gmt":"2019-11-01T17:13:26","guid":{"rendered":"http:\/\/www.elsindical.com.ar\/notas\/?p=90821"},"modified":"2019-11-01T14:13:26","modified_gmt":"2019-11-01T17:13:26","slug":"aumenta-10-el-salario-del-personal-domestico-como-quedan-los-sueldos","status":"publish","type":"post","link":"https:\/\/www.elsindical.com.ar\/notas\/aumenta-10-el-salario-del-personal-domestico-como-quedan-los-sueldos\/","title":{"rendered":"Aumenta 10% el salario del personal dom\u00e9stico: c\u00f3mo quedan los sueldos"},"content":{"rendered":"\n<figure class=\"wp-block-image\"><img loading=\"lazy\" decoding=\"async\" width=\"800\" height=\"450\" src=\"http:\/\/www.elsindical.com.ar\/notas\/var\/www\/html\/notas\/wp-content\/uploads\/2019\/04\/personal-dom\u00e9stico.jpg\" alt=\"\" class=\"wp-image-86217\" srcset=\"https:\/\/www.elsindical.com.ar\/notas\/var\/www\/html\/notas\/wp-content\/uploads\/2019\/04\/personal-dom\u00e9stico.jpg 800w, https:\/\/www.elsindical.com.ar\/notas\/var\/www\/html\/notas\/wp-content\/uploads\/2019\/04\/personal-dom\u00e9stico-300x169.jpg 300w, https:\/\/www.elsindical.com.ar\/notas\/var\/www\/html\/notas\/wp-content\/uploads\/2019\/04\/personal-dom\u00e9stico-768x432.jpg 768w, https:\/\/www.elsindical.com.ar\/notas\/var\/www\/html\/notas\/wp-content\/uploads\/2019\/04\/personal-dom\u00e9stico-500x281.jpg 500w, https:\/\/www.elsindical.com.ar\/notas\/var\/www\/html\/notas\/wp-content\/uploads\/2019\/04\/personal-dom\u00e9stico-460x260.jpg 460w\" sizes=\"auto, (max-width: 800px) 100vw, 800px\" \/><\/figure>\n\n\n\n<p class=\"wp-block-paragraph\"> En noviembre, se completa el tercer tramo del 30 por ciento acordado meses atr\u00e1s. <\/p>\n\n\n\n<p class=\"wp-block-paragraph\"><strong>Este viernes 1 de noviembre entra en vigencia un nuevo tramo  del aumento salarial que les corresponde a las empleadas dom\u00e9sticas.<\/strong> Es el tercero de un 10% que se complementa a los que ya se aplicaron en junio y agosto.<\/p>\n\n\n\n<p class=\"wp-block-paragraph\">As\u00ed se completa el aumento salarial acordado por la Comisi\u00f3n  Nacional de Trabajo para el Personal de Casas Particulares (CNTCP) este  a\u00f1o de un 30%.<\/p>\n\n\n\n<p class=\"wp-block-paragraph\">Adem\u00e1s, los trabajadores del cobran un plus por zona desfavorable \nequivalente al 25%. Este incremento se suma al 15% de marzo de este a\u00f1o,\n que fue retroactivo al a\u00f1o pasado, y un 3% por la paritaria de 2018.<\/p>\n\n\n\n<p class=\"wp-block-paragraph\"><strong>La escala salarial para las empleadas dom\u00e9sticas a partir de noviembre de 2019 qued\u00f3 de la siguiente forma:<\/strong><\/p>\n\n\n\n<p class=\"wp-block-paragraph\"><strong>Tareas generales<\/strong><br>Hora: con retiro $134 \/ sin retiro $144.<br>Mensual: con retiro $16.514,55 \/ sin retiro $18.364<\/p>\n\n\n\n<p class=\"wp-block-paragraph\"><strong>Cuidadores de personas<\/strong><br>Hora: con retiro $144 \/ sin retiro $162<br>Mensual: con retiro $18.364 \/ sin retiro $20.465<\/p>\n\n\n\n<p class=\"wp-block-paragraph\"><strong>Caseros<\/strong><br>Hora: sin retiro $144<br>Mensual: sin retiro $18.364<\/p>\n\n\n\n<p class=\"wp-block-paragraph\"><strong>Personal con tareas espec\u00edficas<\/strong><br>Hora: con retiro $153 \/ sin retiro $168<br>Mensual: con retiro $18.822,50 \/ sin retiro $20.952,50<\/p>\n\n\n\n<p class=\"wp-block-paragraph\"><strong>Supervisor<\/strong><br>Hora: con retiro $162 \/ sin retiro $177<br>Mensual: con retiro $20.260 \/ sin retiro $22.567,50<\/p>\n\n\n\n<p class=\"wp-block-paragraph\"><strong>En diciembre, el bono<\/strong><\/p>\n\n\n\n<p class=\"wp-block-paragraph\">En tanto, en diciembre corresponde el pago de la segunda cuota del \nbono de hasta 3 mil pesos acordado con el gobierno nacional, seg\u00fan el \ndetalle establecido:<\/p>\n\n\n\n<ul class=\"wp-block-list\"><li>De 16 horas de trabajo semanales a jornada completa. $ 3.000 de \nbono. Se abonar\u00e1 en dos cuotas: $ 1.500 en octubre y $ 1.500 en \ndiciembre.<\/li><li>De 12 a 15 horas semanales. $ 1.500 de bono, en dos cuotas: $ 750 en octubre y $ 750 en diciembre.<\/li><li>De una a 11 horas semanales. $ 1.000 de bono, en dos cuotas: $ 500 en octubre y $ 500 en diciembre.<\/li><\/ul>\n","protected":false},"excerpt":{"rendered":"<p>En noviembre, se completa el tercer tramo del 30 por ciento acordado meses atr\u00e1s. Este viernes 1 de noviembre entra en vigencia un nuevo tramo del aumento salarial que les corresponde a las empleadas dom\u00e9sticas. Es el tercero de un 10% que se complementa a los que ya se aplicaron en junio y agosto. As\u00ed&hellip;<\/p>\n","protected":false},"author":1,"featured_media":86217,"comment_status":"open","ping_status":"open","sticky":false,"template":"","format":"standard","meta":{"footnotes":""},"categories":[9],"tags":[357,1799,31676,2852],"class_list":["post-90821","post","type-post","status-publish","format-standard","has-post-thumbnail","hentry","category-economia","tag-aumento","tag-inflacion","tag-servicio-domestico","tag-sueldo"],"_links":{"self":[{"href":"https:\/\/www.elsindical.com.ar\/notas\/wp-json\/wp\/v2\/posts\/90821","targetHints":{"allow":["GET"]}}],"collection":[{"href":"https:\/\/www.elsindical.com.ar\/notas\/wp-json\/wp\/v2\/posts"}],"about":[{"href":"https:\/\/www.elsindical.com.ar\/notas\/wp-json\/wp\/v2\/types\/post"}],"author":[{"embeddable":true,"href":"https:\/\/www.elsindical.com.ar\/notas\/wp-json\/wp\/v2\/users\/1"}],"replies":[{"embeddable":true,"href":"https:\/\/www.elsindical.com.ar\/notas\/wp-json\/wp\/v2\/comments?post=90821"}],"version-history":[{"count":1,"href":"https:\/\/www.elsindical.com.ar\/notas\/wp-json\/wp\/v2\/posts\/90821\/revisions"}],"predecessor-version":[{"id":90822,"href":"https:\/\/www.elsindical.com.ar\/notas\/wp-json\/wp\/v2\/posts\/90821\/revisions\/90822"}],"wp:featuredmedia":[{"embeddable":true,"href":"https:\/\/www.elsindical.com.ar\/notas\/wp-json\/wp\/v2\/media\/86217"}],"wp:attachment":[{"href":"https:\/\/www.elsindical.com.ar\/notas\/wp-json\/wp\/v2\/media?parent=90821"}],"wp:term":[{"taxonomy":"category","embeddable":true,"href":"https:\/\/www.elsindical.com.ar\/notas\/wp-json\/wp\/v2\/categories?post=90821"},{"taxonomy":"post_tag","embeddable":true,"href":"https:\/\/www.elsindical.com.ar\/notas\/wp-json\/wp\/v2\/tags?post=90821"}],"curies":[{"name":"wp","href":"https:\/\/api.w.org\/{rel}","templated":true}]}}