{"id":90679,"date":"2019-10-24T07:44:25","date_gmt":"2019-10-24T10:44:25","guid":{"rendered":"http:\/\/www.elsindical.com.ar\/notas\/?p=90679"},"modified":"2019-10-24T07:44:25","modified_gmt":"2019-10-24T10:44:25","slug":"cadena-de-supermercados-luque-cerro-sus-sucursales-y-1200-empleados-quedaron-sin-trabajo","status":"publish","type":"post","link":"https:\/\/www.elsindical.com.ar\/notas\/cadena-de-supermercados-luque-cerro-sus-sucursales-y-1200-empleados-quedaron-sin-trabajo\/","title":{"rendered":"Cadena de supermercados Luque cerr\u00f3 sus sucursales y 1200 empleados quedaron sin trabajo"},"content":{"rendered":"\n<figure class=\"wp-block-image\"><img loading=\"lazy\" decoding=\"async\" width=\"1024\" height=\"768\" src=\"http:\/\/www.elsindical.com.ar\/notas\/var\/www\/html\/notas\/wp-content\/uploads\/2019\/10\/supermercados-Luque-1024x768.jpg\" alt=\"\" class=\"wp-image-90680\" srcset=\"https:\/\/www.elsindical.com.ar\/notas\/var\/www\/html\/notas\/wp-content\/uploads\/2019\/10\/supermercados-Luque-1024x768.jpg 1024w, https:\/\/www.elsindical.com.ar\/notas\/var\/www\/html\/notas\/wp-content\/uploads\/2019\/10\/supermercados-Luque-300x225.jpg 300w, https:\/\/www.elsindical.com.ar\/notas\/var\/www\/html\/notas\/wp-content\/uploads\/2019\/10\/supermercados-Luque-768x576.jpg 768w, https:\/\/www.elsindical.com.ar\/notas\/var\/www\/html\/notas\/wp-content\/uploads\/2019\/10\/supermercados-Luque-400x300.jpg 400w, https:\/\/www.elsindical.com.ar\/notas\/var\/www\/html\/notas\/wp-content\/uploads\/2019\/10\/supermercados-Luque.jpg 1110w\" sizes=\"auto, (max-width: 1024px) 100vw, 1024px\" \/><\/figure>\n\n\n\n<p class=\"wp-block-paragraph\"> Se trata de unos veinte locales ubicados en las provincias de Tucum\u00e1n, Santiago del Estero, Salta y Catamarca.  <\/p>\n\n\n\n<p class=\"wp-block-paragraph\">La cadena de <strong>supermercados tucumana Luque<\/strong> cerr\u00f3 sus sucursales y <strong>despidi\u00f3 a 1.200 empleados<\/strong>, a quienes les ofreci\u00f3 pagar solo el 60 por ciento de las indemnizaciones y en cuotas.<\/p>\n\n\n\n<p class=\"wp-block-paragraph\">Se trata de unos veinte locales ubicados en las provincias de <strong>Tucum\u00e1n, Santiago del Estero, Salta y Catamarca.<\/strong><\/p>\n\n\n\n<p class=\"wp-block-paragraph\">La empresa ya adeudaba salarios correspondientes a agosto y  septiembre, aunque en algunos casos tambi\u00e9n de junio y julio, por lo que  ya hab\u00eda conflicto con los trabajadores.<\/p>\n\n\n\n<p class=\"wp-block-paragraph\">En ese escenario, la firma ofreci\u00f3 a los empleados pagar poco m\u00e1s de la mitad de las indemnizaciones y en trece cuotas.<\/p>\n\n\n\n<p class=\"wp-block-paragraph\">Por la crisis econ\u00f3mica y la imposibilidad de hacer frente a deudas y\n gastos, la oferta fue aceptada por los trabajadores tras debatir \ndiferentes alternativas en asamblea.<\/p>\n\n\n\n<p class=\"wp-block-paragraph\">En di\u00e1logo con medios televisivos, el trabajador despedido Javier Mart\u00ednez subray\u00f3 su preocupaci\u00f3n por la posibilidad de que \u00ab<strong>no alcance para poder comer<\/strong>\u00bb y se\u00f1al\u00f3: <strong>\u00abNo s\u00e9 cu\u00e1nto tiempo podemos mantener esta situaci\u00f3n\u00bb.<\/strong><\/p>\n\n\n\n<p class=\"wp-block-paragraph\">\u00abUno se puede sacrificar. Lo que duele es que se sacrifique el resto \nde la familia\u00bb, asegur\u00f3, y afirm\u00f3 que en la actualidad el trabajo al que\n puede \u00ab<strong>acceder\u00bb<\/strong> no llega a <strong>\u00abcubrir las necesidades\u00bb.<\/strong><\/p>\n\n\n\n<p class=\"wp-block-paragraph\">En ese sentido, analiz\u00f3: <strong>\u00abHay algunas personas que pueden tener m\u00e1s espalda que otras para aguantar la situaci\u00f3n\u00bb.<\/strong><\/p>\n\n\n\n<p class=\"wp-block-paragraph\">Algunos trabajadores aseguran que todav\u00eda no recibieron ninguna carta\n de despido, por lo que se encuentran a la espera de la confirmaci\u00f3n.<\/p>\n\n\n\n<p class=\"wp-block-paragraph\">Aclararon que si bien algunas sucursales a\u00fan no cerraron sus puertas,<strong> no se concretan ventas ni hay mercader\u00eda disponible para ofrecer al p\u00fablico.<\/strong><\/p>\n\n\n\n<p class=\"wp-block-paragraph\">Seg\u00fan medios locales, todav\u00eda no se dio una confirmaci\u00f3n formal por \nparte de las autoridades de la empresa respecto de la posibilidad de \nvender la cadena, que surgi\u00f3 como una distribuidora de bebidas<\/p>\n","protected":false},"excerpt":{"rendered":"<p>Se trata de unos veinte locales ubicados en las provincias de Tucum\u00e1n, Santiago del Estero, Salta y Catamarca. La cadena de supermercados tucumana Luque cerr\u00f3 sus sucursales y despidi\u00f3 a 1.200 empleados, a quienes les ofreci\u00f3 pagar solo el 60 por ciento de las indemnizaciones y en cuotas. Se trata de unos veinte locales ubicados&hellip;<\/p>\n","protected":false},"author":1,"featured_media":90680,"comment_status":"open","ping_status":"open","sticky":false,"template":"","format":"standard","meta":{"footnotes":""},"categories":[28],"tags":[1664,53,54,2562,1478,31738,3121],"class_list":["post-90679","post","type-post","status-publish","format-standard","has-post-thumbnail","hentry","category-empresariales","tag-catamarca","tag-despidos","tag-empleados","tag-salta","tag-santiago-del-estero","tag-supermercados-luque","tag-tucuman"],"_links":{"self":[{"href":"https:\/\/www.elsindical.com.ar\/notas\/wp-json\/wp\/v2\/posts\/90679","targetHints":{"allow":["GET"]}}],"collection":[{"href":"https:\/\/www.elsindical.com.ar\/notas\/wp-json\/wp\/v2\/posts"}],"about":[{"href":"https:\/\/www.elsindical.com.ar\/notas\/wp-json\/wp\/v2\/types\/post"}],"author":[{"embeddable":true,"href":"https:\/\/www.elsindical.com.ar\/notas\/wp-json\/wp\/v2\/users\/1"}],"replies":[{"embeddable":true,"href":"https:\/\/www.elsindical.com.ar\/notas\/wp-json\/wp\/v2\/comments?post=90679"}],"version-history":[{"count":1,"href":"https:\/\/www.elsindical.com.ar\/notas\/wp-json\/wp\/v2\/posts\/90679\/revisions"}],"predecessor-version":[{"id":90681,"href":"https:\/\/www.elsindical.com.ar\/notas\/wp-json\/wp\/v2\/posts\/90679\/revisions\/90681"}],"wp:featuredmedia":[{"embeddable":true,"href":"https:\/\/www.elsindical.com.ar\/notas\/wp-json\/wp\/v2\/media\/90680"}],"wp:attachment":[{"href":"https:\/\/www.elsindical.com.ar\/notas\/wp-json\/wp\/v2\/media?parent=90679"}],"wp:term":[{"taxonomy":"category","embeddable":true,"href":"https:\/\/www.elsindical.com.ar\/notas\/wp-json\/wp\/v2\/categories?post=90679"},{"taxonomy":"post_tag","embeddable":true,"href":"https:\/\/www.elsindical.com.ar\/notas\/wp-json\/wp\/v2\/tags?post=90679"}],"curies":[{"name":"wp","href":"https:\/\/api.w.org\/{rel}","templated":true}]}}