{"id":90621,"date":"2019-10-22T10:54:35","date_gmt":"2019-10-22T13:54:35","guid":{"rendered":"http:\/\/www.elsindical.com.ar\/notas\/?p=90621"},"modified":"2019-10-22T10:54:35","modified_gmt":"2019-10-22T13:54:35","slug":"chile-confirmo-15-muertos-y-mas-de-2500-detenidos-desde-inicio-de-protestas","status":"publish","type":"post","link":"https:\/\/www.elsindical.com.ar\/notas\/chile-confirmo-15-muertos-y-mas-de-2500-detenidos-desde-inicio-de-protestas\/","title":{"rendered":"Chile confirm\u00f3 15 muertos y m\u00e1s de 2500 detenidos desde inicio de protestas"},"content":{"rendered":"\n<figure class=\"wp-block-image\"><img loading=\"lazy\" decoding=\"async\" width=\"1024\" height=\"666\" src=\"http:\/\/www.elsindical.com.ar\/notas\/var\/www\/html\/notas\/wp-content\/uploads\/2019\/10\/incidentes-en-Chile-1024x666.jpg\" alt=\"\" class=\"wp-image-90622\" srcset=\"https:\/\/www.elsindical.com.ar\/notas\/var\/www\/html\/notas\/wp-content\/uploads\/2019\/10\/incidentes-en-Chile-1024x666.jpg 1024w, https:\/\/www.elsindical.com.ar\/notas\/var\/www\/html\/notas\/wp-content\/uploads\/2019\/10\/incidentes-en-Chile-300x195.jpg 300w, https:\/\/www.elsindical.com.ar\/notas\/var\/www\/html\/notas\/wp-content\/uploads\/2019\/10\/incidentes-en-Chile-768x500.jpg 768w, https:\/\/www.elsindical.com.ar\/notas\/var\/www\/html\/notas\/wp-content\/uploads\/2019\/10\/incidentes-en-Chile-461x300.jpg 461w, https:\/\/www.elsindical.com.ar\/notas\/var\/www\/html\/notas\/wp-content\/uploads\/2019\/10\/incidentes-en-Chile.jpg 1170w\" sizes=\"auto, (max-width: 1024px) 100vw, 1024px\" \/><\/figure>\n\n\n\n<p> El subsecretario del  Interior, Rodrigo Ubilla, inform\u00f3 que todas las muertes se produjeron en  un contexto de \u00abquemas y saqueos, principalmente de centros  comerciales\u00bb. <\/p>\n\n\n\n<p>El subsecretario del Interior de <strong>Chile<\/strong>, Rodrigo \nUbilla, inform\u00f3 este martes de que la cifra de v\u00edctimas mortales desde \nel inicio del estallido social en el pa\u00eds asciende a quince, de las que \nonce fueron en la Regi\u00f3n Metropolitana, que comprende a la capital.<\/p>\n\n\n\n<p>La autoridad detall\u00f3 que todas las muertes se produjeron en un contexto de <strong>\u00abquemas y saqueos, principalmente de centros comerciales\u00bb<\/strong>.<\/p>\n\n\n\n<p>El aumento del precio del Metro de Santiago desat\u00f3 una oleada de  protestas que con el paso de los d\u00edas despert\u00f3 el hartazgo de parte de  la ciudadan\u00eda por las altas tarifas que pagan por otros servicios, el  nulo reparto del sistema de pensiones o los deficientes servicios de  salud p\u00fablica, lo que ha generado un estallido social que no tiene  precedentes en la historia reciente del pa\u00eds.<br>\u00abHasta el d\u00eda de hoy, <strong>tenemos a nivel nacional, 15 fallecidos<\/strong>,  once de ellos en la regi\u00f3n Metropolitana (&#8230;) asociados a quemas y  saqueos, principalmente de centros comerciales\u00bb, indic\u00f3 Ubilla.<\/p>\n\n\n\n<p><strong>Miles de manifestantes en Chile desafiaron el lunes en la noche un toque de queda<\/strong>  y salieron a la calle exigiendo cambios al modelo econ\u00f3mico, mientras  el presidente Sebasti\u00e1n Pi\u00f1era mostraba un tono m\u00e1s conciliador para  intentar contener una crisis que ha provocado una ola de manifestaciones  contra su gobierno.<\/p>\n\n\n\n<p>Al caer la noche, manifestantes en Santiago y varias otras ciudades  al norte y sur de Chile hac\u00edan sonar ollas y sartenes en masivos  \u00abcacerolazos\u00bb para criticar la presencia de militares en la calle, que  asumieron el mando tras la escalada de violencia.<\/p>\n\n\n\n<p>Muchos manifestantes tambi\u00e9n ped\u00edan la renuncia de Pi\u00f1era, adem\u00e1s de una mejor salud p\u00fablica y un alza de pensiones.<\/p>\n\n\n\n<p>El <strong>toque de queda entr\u00f3 en vigor en la capital a partir de las 20.00 horas locales<\/strong> (2300 GMT) y se extender\u00e1 hasta las 06.00 del martes, por tercer d\u00eda consecutivo.<\/p>\n\n\n\n<p>La medida se extendi\u00f3 a otras ciudades como el puerto de Valpara\u00edso o\n La Serena, en el norte, donde tambi\u00e9n se han habido saqueos y ataques \nincendiarios.<\/p>\n\n\n\n<p>Pi\u00f1era, que el domingo dijo que Chile estaba \u00aben guerra\u00bb contra un \u00abenemigo poderoso\u00bb, anunci\u00f3 el lunes que abr\u00eda<strong> \u00abde par en par los caminos del di\u00e1logo\u00bb,<\/strong> en un notorio cambio de tono.<\/p>\n\n\n\n<p>\u00abS\u00e9 que a veces he hablado duro contra esta violencia y delincuencia.\n Compr\u00e9ndanme compatriotas, lo hago porque me indigna ver el da\u00f1o y \ndolor que esta violencia y delincuencia provoca\u00bb, <strong>dijo en una declaraci\u00f3n en el Palacio de La Moneda<\/strong>.<\/p>\n\n\n\n<p>Pi\u00f1era, un empresario multimillonario que asumi\u00f3 su segundo mandato  en 2018 con la promesa de traer \u00abtiempos mejores\u00bb, enfatiz\u00f3 en que estos  d\u00edas se ha reunido con representantes de los poderes del Estado as\u00ed  como autoridades y organizaciones sociales.<\/p>\n\n\n\n<p>\u00abMa\u00f1ana (martes) me reunir\u00e9 con presidentes de partidos tanto de  gobierno como de oposici\u00f3n para explorar, y ojal\u00e1 avanzar, hacia un  acuerdo social\u00bb que plantee \u00absoluciones a los problemas que aquejan a  los chilenos\u00bb, a\u00f1adi\u00f3.<\/p>\n\n\n\n<ul class=\"wp-block-gallery aligncenter columns-1 is-cropped wp-block-gallery-1 is-layout-flex wp-block-gallery-is-layout-flex\"><li class=\"blocks-gallery-item\"><figure><img loading=\"lazy\" decoding=\"async\" width=\"1024\" height=\"631\" src=\"http:\/\/www.elsindical.com.ar\/notas\/var\/www\/html\/notas\/wp-content\/uploads\/2019\/10\/protestas-en-Chile-1024x631.jpg\" alt=\"\" data-id=\"90623\" data-link=\"http:\/\/www.elsindical.com.ar\/notas\/?attachment_id=90623#main\" class=\"wp-image-90623\" srcset=\"https:\/\/www.elsindical.com.ar\/notas\/var\/www\/html\/notas\/wp-content\/uploads\/2019\/10\/protestas-en-Chile-1024x631.jpg 1024w, https:\/\/www.elsindical.com.ar\/notas\/var\/www\/html\/notas\/wp-content\/uploads\/2019\/10\/protestas-en-Chile-300x185.jpg 300w, https:\/\/www.elsindical.com.ar\/notas\/var\/www\/html\/notas\/wp-content\/uploads\/2019\/10\/protestas-en-Chile-768x473.jpg 768w, https:\/\/www.elsindical.com.ar\/notas\/var\/www\/html\/notas\/wp-content\/uploads\/2019\/10\/protestas-en-Chile-487x300.jpg 487w, https:\/\/www.elsindical.com.ar\/notas\/var\/www\/html\/notas\/wp-content\/uploads\/2019\/10\/protestas-en-Chile.jpg 1170w\" sizes=\"auto, (max-width: 1024px) 100vw, 1024px\" \/><\/figure><\/li><li class=\"blocks-gallery-item\"><figure><img loading=\"lazy\" decoding=\"async\" width=\"1004\" height=\"565\" src=\"http:\/\/www.elsindical.com.ar\/notas\/var\/www\/html\/notas\/wp-content\/uploads\/2019\/10\/caos-en-Chile.jpg\" alt=\"\" data-id=\"90624\" data-link=\"http:\/\/www.elsindical.com.ar\/notas\/?attachment_id=90624#main\" class=\"wp-image-90624\" srcset=\"https:\/\/www.elsindical.com.ar\/notas\/var\/www\/html\/notas\/wp-content\/uploads\/2019\/10\/caos-en-Chile.jpg 1004w, https:\/\/www.elsindical.com.ar\/notas\/var\/www\/html\/notas\/wp-content\/uploads\/2019\/10\/caos-en-Chile-300x169.jpg 300w, https:\/\/www.elsindical.com.ar\/notas\/var\/www\/html\/notas\/wp-content\/uploads\/2019\/10\/caos-en-Chile-768x432.jpg 768w, https:\/\/www.elsindical.com.ar\/notas\/var\/www\/html\/notas\/wp-content\/uploads\/2019\/10\/caos-en-Chile-500x281.jpg 500w, https:\/\/www.elsindical.com.ar\/notas\/var\/www\/html\/notas\/wp-content\/uploads\/2019\/10\/caos-en-Chile-460x260.jpg 460w\" sizes=\"auto, (max-width: 1004px) 100vw, 1004px\" \/><\/figure><\/li><\/ul>\n","protected":false},"excerpt":{"rendered":"<p>El subsecretario del Interior, Rodrigo Ubilla, inform\u00f3 que todas las muertes se produjeron en un contexto de \u00abquemas y saqueos, principalmente de centros comerciales\u00bb. El subsecretario del Interior de Chile, Rodrigo Ubilla, inform\u00f3 este martes de que la cifra de v\u00edctimas mortales desde el inicio del estallido social en el pa\u00eds asciende a quince, de&hellip;<\/p>\n","protected":false},"author":1,"featured_media":90622,"comment_status":"open","ping_status":"open","sticky":false,"template":"","format":"standard","meta":{"footnotes":""},"categories":[18],"tags":[1200,742,1229,649],"class_list":["post-90621","post","type-post","status-publish","format-standard","has-post-thumbnail","hentry","category-internacionales","tag-chile","tag-detenidos","tag-incidentes","tag-muertos"],"_links":{"self":[{"href":"https:\/\/www.elsindical.com.ar\/notas\/wp-json\/wp\/v2\/posts\/90621","targetHints":{"allow":["GET"]}}],"collection":[{"href":"https:\/\/www.elsindical.com.ar\/notas\/wp-json\/wp\/v2\/posts"}],"about":[{"href":"https:\/\/www.elsindical.com.ar\/notas\/wp-json\/wp\/v2\/types\/post"}],"author":[{"embeddable":true,"href":"https:\/\/www.elsindical.com.ar\/notas\/wp-json\/wp\/v2\/users\/1"}],"replies":[{"embeddable":true,"href":"https:\/\/www.elsindical.com.ar\/notas\/wp-json\/wp\/v2\/comments?post=90621"}],"version-history":[{"count":1,"href":"https:\/\/www.elsindical.com.ar\/notas\/wp-json\/wp\/v2\/posts\/90621\/revisions"}],"predecessor-version":[{"id":90625,"href":"https:\/\/www.elsindical.com.ar\/notas\/wp-json\/wp\/v2\/posts\/90621\/revisions\/90625"}],"wp:featuredmedia":[{"embeddable":true,"href":"https:\/\/www.elsindical.com.ar\/notas\/wp-json\/wp\/v2\/media\/90622"}],"wp:attachment":[{"href":"https:\/\/www.elsindical.com.ar\/notas\/wp-json\/wp\/v2\/media?parent=90621"}],"wp:term":[{"taxonomy":"category","embeddable":true,"href":"https:\/\/www.elsindical.com.ar\/notas\/wp-json\/wp\/v2\/categories?post=90621"},{"taxonomy":"post_tag","embeddable":true,"href":"https:\/\/www.elsindical.com.ar\/notas\/wp-json\/wp\/v2\/tags?post=90621"}],"curies":[{"name":"wp","href":"https:\/\/api.w.org\/{rel}","templated":true}]}}