{"id":90587,"date":"2019-10-20T16:41:00","date_gmt":"2019-10-20T19:41:00","guid":{"rendered":"http:\/\/www.elsindical.com.ar\/notas\/?p=90587"},"modified":"2019-10-20T16:41:00","modified_gmt":"2019-10-20T19:41:00","slug":"fuerte-denuncia-contra-la-parrilla-el-tano","status":"publish","type":"post","link":"https:\/\/www.elsindical.com.ar\/notas\/fuerte-denuncia-contra-la-parrilla-el-tano\/","title":{"rendered":"Fuerte denuncia contra la Parrilla El Tano"},"content":{"rendered":"\n<figure class=\"wp-block-image\"><img loading=\"lazy\" decoding=\"async\" width=\"720\" height=\"477\" src=\"http:\/\/www.elsindical.com.ar\/notas\/var\/www\/html\/notas\/wp-content\/uploads\/2019\/10\/Parrilla-El-Tano.jpg\" alt=\"\" class=\"wp-image-90588\" srcset=\"https:\/\/www.elsindical.com.ar\/notas\/var\/www\/html\/notas\/wp-content\/uploads\/2019\/10\/Parrilla-El-Tano.jpg 720w, https:\/\/www.elsindical.com.ar\/notas\/var\/www\/html\/notas\/wp-content\/uploads\/2019\/10\/Parrilla-El-Tano-300x199.jpg 300w, https:\/\/www.elsindical.com.ar\/notas\/var\/www\/html\/notas\/wp-content\/uploads\/2019\/10\/Parrilla-El-Tano-453x300.jpg 453w\" sizes=\"auto, (max-width: 720px) 100vw, 720px\" \/><\/figure>\n\n\n\n<p class=\"wp-block-paragraph\"><a href=\"https:\/\/www.facebook.com\/RadioVision-Multimedio-449916748875902\/?ref=nf&amp;__tn__=%2Cd%3C%2AF-R&amp;eid=ARA1T_p2X7oLIjLAk4yGfu1iKyGQmTtCjPBCqDt3aqnrDXAgAH0nckO1lPxH9ZnRgrwUWhYU04F1vtDg&amp;hc_ref=ARTxw2qPVyWtnf1uRZeJZXAeVrUxRzSzqdZGfTTi_en2BPFE9DLF2d90MsMLsy4KBmY\"><\/a><a href=\"https:\/\/www.facebook.com\/RadioVision-Multimedio-449916748875902\/?__xts__%5B0%5D=68.ARBeEEF9YiUGHEWjMvtJundhDvc1m3vXkrrBQ6JdKzlQV-C4cEs4FdCNCaN4t9jmkL2IDrWaWopmO0Zm1aA7o8KLHqjiS57-_jYpyaRb6K42BQv6C5E-muy49hHBmF2T0ovJ0rqvrhJf8MfjOGBW8FKvB6EeBel_wxIhPMpoHDTdcsXnA5PTTEriI2gUrabH7bKmCx4mlm7ZYNg2LQnvbkR84AJYBBdnc63JLeaGVnX1QHwmR67dI1Q2xaXTQUr2KE6IAOIZdQu4sfgoyigBXt0ypxDVFLS-39VvECwMdbvAfC4D1TzHBlBm1dgREL9ZioB1HYVOqH2cqsVGWWMRmQw&amp;__tn__=k%2AF&amp;tn-str=k%2AF\">RadioVision Multimedio<\/a> \u00b7 <a href=\"https:\/\/www.facebook.com\/449916748875902\/photos\/a.449935478874029\/607002703167305\/?type=3&amp;permPage=1\"><abbr title=\"Viernes, 18 de octubre de 2019 a las 12:29\">18 de octubre<\/abbr><\/a>  \u00b7 &nbsp;FUERTE DENUNCIA CONTRA LA PARRILLA \u00abEL TANO\u00bb .<br><br> Esto\n lo escribe una ex empleada seg\u00fan dice y cuenta algunas cosas de las que\n vivi\u00f3 en el lugar habla de precariedad laboral , maltrato y denuncias \nde trabajo en negro que quedan en la nada.<br><br> Buenas noches les \nquiero contar lo que me est\u00e1 sucediendo con este se\u00f1or si es q se lo \npuede llamar de esa manera muchos lo deben conocer  su nombre es FABIO \nSALVADOR CASCHETTO (EL TANO) yo fui \ndurante 10 a\u00f1os su empleada el  dia martes le aviso q no iva poder ir a \ntrabajar por que ten\u00eda a mi hija d 6 a\u00f1os con fiebre a lo q me responde q\n vaya igual q a el no le importaba le digo q me perdone pero q no iva \ndejar a mi hija con fiebre el dia siguiente quise ir y me dijo q no vaya\n lo llamo y no me responde el tel\u00e9fono ago esto public\u00f3 por q estoy \ncansada d esta mierda d persona q se hace el copado con la gente y la \ncareta se le tiene q caer y tienen q saber q es un machista q nos trata \nsuper mal s\u00f3lo por ser sus empleados para y el Y su mujer somos unos \nnegros de mierda hace 3 a\u00f1os q nos paga 400 pesos por d\u00eda por q seg\u00fan el\n hacemos propina gracias a el  no s\u00f3lo eso q nos descuidados y se guarda\n nuestra propina hace 10 a\u00f1os q trabajo en ese lugar y jam\u00e1s me pusieron\n en blanco cuando va la gente de la AFIP nos hace mentir q digamos q \nhace tres meses trabajamos no s\u00f3lo eso tuve dos embarazos de los cuales 1\n de los beb\u00e9s falleci\u00f3 jam\u00e1s fue capaz d llamar para ver si necesitaba \nalgo mi segunda hija al mes de vida estuvo internada 1 mes tampoco se \npreocup\u00f3 por preguntar nada  y as\u00ed miles de cosas m\u00e1s nos hace esta \nbasura no s\u00f3lo a mi si no a todos mis compa\u00f1eras m\u00e1s a las mujeres el \nmaltrato q recibimos tanto de el como la mujer otra igual q el  PATRICIA\n VIEL . Me cans\u00e9 de q se cree el m\u00e1s poderoso por q compra a todo el \nmundo por eso nos grita manden carta a documento q s3 van a cagar d \nhambre en el verano cierra casi 2 meses y nos deja sin nada como mucho \nnos da 4mil pesos por q lo llamamos todos.    Les  pido q compartan para\n q la gente conozca a esta rata q no es lo q parece PARRILLA EL TANO &#8211; \nAVELLANEDA\n\n<\/p>\n","protected":false},"excerpt":{"rendered":"<p>RadioVision Multimedio \u00b7 18 de octubre \u00b7 &nbsp;FUERTE DENUNCIA CONTRA LA PARRILLA \u00abEL TANO\u00bb . Esto lo escribe una ex empleada seg\u00fan dice y cuenta algunas cosas de las que vivi\u00f3 en el lugar habla de precariedad laboral , maltrato y denuncias de trabajo en negro que quedan en la nada. Buenas noches les quiero&hellip;<\/p>\n","protected":false},"author":1,"featured_media":90588,"comment_status":"open","ping_status":"open","sticky":false,"template":"","format":"standard","meta":{"footnotes":""},"categories":[6],"tags":[69,461,175,18032,31719,18105,31720],"class_list":["post-90587","post","type-post","status-publish","format-standard","has-post-thumbnail","hentry","category-denuncias","tag-afip","tag-avellaneda","tag-denuncia","tag-el-tano","tag-fabio-salvador-caschetto","tag-parrilla-el-tano","tag-patricia-viel"],"_links":{"self":[{"href":"https:\/\/www.elsindical.com.ar\/notas\/wp-json\/wp\/v2\/posts\/90587","targetHints":{"allow":["GET"]}}],"collection":[{"href":"https:\/\/www.elsindical.com.ar\/notas\/wp-json\/wp\/v2\/posts"}],"about":[{"href":"https:\/\/www.elsindical.com.ar\/notas\/wp-json\/wp\/v2\/types\/post"}],"author":[{"embeddable":true,"href":"https:\/\/www.elsindical.com.ar\/notas\/wp-json\/wp\/v2\/users\/1"}],"replies":[{"embeddable":true,"href":"https:\/\/www.elsindical.com.ar\/notas\/wp-json\/wp\/v2\/comments?post=90587"}],"version-history":[{"count":1,"href":"https:\/\/www.elsindical.com.ar\/notas\/wp-json\/wp\/v2\/posts\/90587\/revisions"}],"predecessor-version":[{"id":90589,"href":"https:\/\/www.elsindical.com.ar\/notas\/wp-json\/wp\/v2\/posts\/90587\/revisions\/90589"}],"wp:featuredmedia":[{"embeddable":true,"href":"https:\/\/www.elsindical.com.ar\/notas\/wp-json\/wp\/v2\/media\/90588"}],"wp:attachment":[{"href":"https:\/\/www.elsindical.com.ar\/notas\/wp-json\/wp\/v2\/media?parent=90587"}],"wp:term":[{"taxonomy":"category","embeddable":true,"href":"https:\/\/www.elsindical.com.ar\/notas\/wp-json\/wp\/v2\/categories?post=90587"},{"taxonomy":"post_tag","embeddable":true,"href":"https:\/\/www.elsindical.com.ar\/notas\/wp-json\/wp\/v2\/tags?post=90587"}],"curies":[{"name":"wp","href":"https:\/\/api.w.org\/{rel}","templated":true}]}}