{"id":90537,"date":"2019-10-17T00:08:45","date_gmt":"2019-10-17T03:08:45","guid":{"rendered":"http:\/\/www.elsindical.com.ar\/notas\/?p=90537"},"modified":"2019-10-17T00:08:45","modified_gmt":"2019-10-17T03:08:45","slug":"efemerides-del-dia-17-de-octubre-6","status":"publish","type":"post","link":"https:\/\/www.elsindical.com.ar\/notas\/efemerides-del-dia-17-de-octubre-6\/","title":{"rendered":"EFEM\u00c9RIDES: DEL D\u00cdA 17 DE OCTUBRE"},"content":{"rendered":"\n<p>\u2013 D\u00eda internacional para la erradicaci\u00f3n de la pobreza<\/p>\n\n\n\n<p>\u2013 D\u00eda de la Lealtad peronista (en Argentina)<\/p>\n\n\n\n<p><ins><\/ins><br><\/p>\n\n\n\n<p>1760 \u2013 Nace Claude Henri de Rouvroy, conde de Saint-Simon, socialista franc\u00e9s.<\/p>\n\n\n\n<p>1797 \u2013 Nace Juan Lavalle, militar y pol\u00edtico argentino.<\/p>\n\n\n\n<p>1802 \u2013 Se publica el \u00faltimo n\u00famero de \u00abEl Tel\u00e9grafo Mercantil\u00bb, el primer peri\u00f3dico que se conoce en el R\u00edo de la Plata.<\/p>\n\n\n\n<p>1806 \u2013 Asesinan a Jean Jacques Dessalines, revolucionario haitiano.<\/p>\n\n\n\n<p>1829 \u2013 Cae derrotado y muere Jos\u00e9 Mar\u00eda C\u00f3rdoba, alzado contra Sim\u00f3n Bol\u00edvar en Santuario (Colombia).<\/p>\n\n\n\n<p>1849 \u2013 Muere Frederic Chopin, compositor polaco.<\/p>\n\n\n\n<p>1860 \u2013 Se juega el primer Abierto Brit\u00e1nico de golf, en Prestwick, Escocia.<\/p>\n\n\n\n<p>1888 \u2013 Thomas Alva Edison patenta el fon\u00f3grafo \u00f3ptico (la primera pel\u00edcula).<\/p>\n\n\n\n<p>1899 \u2013 Comienza en Colombia la guerra civil llamada de los \u00abMil D\u00edas\u00bb, que termina el 21 de noviembre de 1902.<\/p>\n\n\n\n<p>1908 \u2013 Desaparece el globo Pampero, llevando a bordo a Eduardo Newbery y a Eduardo Romero.<\/p>\n\n\n\n<p>1912 \u2013 Estalla la primera guerra balc\u00e1nica: Bulgaria, Grecia, Serbia y Montenegro declaran la guerra a Turqu\u00eda.<\/p>\n\n\n\n<p>1912 \u2013 Nace Albino Luciani, Juan Pablo I.<\/p>\n\n\n\n<p>1915 \u2013 Nace Arthur Miller, escritor estadounidense.<\/p>\n\n\n\n<p>1918 \u2013 Nace Rita Hayworth, actriz estadounidense.<\/p>\n\n\n\n<p>1920 \u2013 Nace Miguel Delibes, escritor y periodista espa\u00f1ol.<\/p>\n\n\n\n<p>1931 \u2013 Al Capone, g\u00e1nster estadounidense, es sentenciado a 11 a\u00f1os de prisi\u00f3n por evadir impuestos.<\/p>\n\n\n\n<p>1933 \u2013 Albert Einstein escapa de la Alemania nazi y llega a Estados Unidos, donde vivir\u00e1 el resto de su vida como refugiado.<\/p>\n\n\n\n<p>1934 \u2013 Muere en Madrid Santiago Ram\u00f3n y Cajal, primer cient\u00edfico de habla hispana Premio Nobel de Medicina.<\/p>\n\n\n\n<p>1939 \u2013 Se publica el \u00faltimo n\u00famero de la revista Caras y Caretas.<\/p>\n\n\n\n<p>1940 \u2013 Nace Carlos Heller, pol\u00edtico y dirigente deportivo argentino.<\/p>\n\n\n\n<p>1945\n \u2013 Una multitud marcha hasta la Plaza de Mayo reclamando la liberaci\u00f3n \ndel Coronel Juan Domingo Per\u00f3n. Esta fecha queda instituida como el \u00abD\u00eda\n de la Lealtad\u00bb para el Peronismo.<\/p>\n\n\n\n<p>1949 \u2013 Nace Renata Schussheim, artista pl\u00e1stica argentina.<\/p>\n\n\n\n<p>1951 \u2013 Se inaugura oficialmente la televisi\u00f3n en la Argentina.<\/p>\n\n\n\n<p>1956 \u2013 Donald Byrne y Bobby Fischer juegan la famosa partida de ajedrez llamada \u00abLa partida del siglo\u00bb.<\/p>\n\n\n\n<p>1963 \u2013 Nace Sergio Goycochea, arquero de f\u00fatbol argentino.<\/p>\n\n\n\n<p>1968 \u2013 Nace Ziggy Marley, hijo de Bob, cantante de reagge.<\/p>\n\n\n\n<p>1969 \u2013 El Gobierno de Bolivia nacionaliza la compa\u00f1\u00eda estadounidense Gulf Oil Bolivia.<\/p>\n\n\n\n<p>1974 \u2013 Nace Marshall Bruce Mathers \u201cEminem\u201d, rapero estadounidense.<\/p>\n\n\n\n<p>1979 \u2013 La Madre Teresa de Calcuta recibe el Premio Nobel de la Paz.<\/p>\n\n\n\n<p>1991 \u2013 Nace Brenda Asn\u00edcar, actriz y cantante argentina.<\/p>\n\n\n\n<p>1998 \u2013 Muere Antonio Agri, violinista, director de orquesta y compositor argentino.<\/p>\n\n\n\n<p>2003\n \u2013 A causa del conflicto boliviano por la exportaci\u00f3n de gas natural, el\n presidente Gonzalo S\u00e1nchez de Lozada renuncia a su cargo y abandona el \npa\u00eds.<\/p>\n\n\n\n<p>2003 \u2013 Muere Ram\u00f3n Antonio Cereijo, economista argentino.<\/p>\n\n\n\n<p>2006\n \u2013 Tiroteos durante la marcha por los 60 a\u00f1os del D\u00eda de la Lealtad \nPeronista, cuando se trasladaban los restos del general Juan Domingo \nPer\u00f3n a la quinta 17 de Octubre.<\/p>\n\n\n\n<p>2016 \u2013 China lanza al espacio la \nnave Shenzhou-11 con dos astronautas a bordo para permanecer 33 d\u00edas en \nel laboratorio espacial Tiangong-2, la misi\u00f3n m\u00e1s larga de su historia.<\/p>\n","protected":false},"excerpt":{"rendered":"<p>\u2013 D\u00eda internacional para la erradicaci\u00f3n de la pobreza \u2013 D\u00eda de la Lealtad peronista (en Argentina) 1760 \u2013 Nace Claude Henri de Rouvroy, conde de Saint-Simon, socialista franc\u00e9s. 1797 \u2013 Nace Juan Lavalle, militar y pol\u00edtico argentino. 1802 \u2013 Se publica el \u00faltimo n\u00famero de \u00abEl Tel\u00e9grafo Mercantil\u00bb, el primer peri\u00f3dico que se conoce&hellip;<\/p>\n","protected":false},"author":1,"featured_media":0,"comment_status":"open","ping_status":"open","sticky":false,"template":"","format":"standard","meta":{"footnotes":""},"categories":[14],"tags":[],"class_list":["post-90537","post","type-post","status-publish","format-standard","hentry","category-efemerides"],"_links":{"self":[{"href":"https:\/\/www.elsindical.com.ar\/notas\/wp-json\/wp\/v2\/posts\/90537","targetHints":{"allow":["GET"]}}],"collection":[{"href":"https:\/\/www.elsindical.com.ar\/notas\/wp-json\/wp\/v2\/posts"}],"about":[{"href":"https:\/\/www.elsindical.com.ar\/notas\/wp-json\/wp\/v2\/types\/post"}],"author":[{"embeddable":true,"href":"https:\/\/www.elsindical.com.ar\/notas\/wp-json\/wp\/v2\/users\/1"}],"replies":[{"embeddable":true,"href":"https:\/\/www.elsindical.com.ar\/notas\/wp-json\/wp\/v2\/comments?post=90537"}],"version-history":[{"count":1,"href":"https:\/\/www.elsindical.com.ar\/notas\/wp-json\/wp\/v2\/posts\/90537\/revisions"}],"predecessor-version":[{"id":90538,"href":"https:\/\/www.elsindical.com.ar\/notas\/wp-json\/wp\/v2\/posts\/90537\/revisions\/90538"}],"wp:attachment":[{"href":"https:\/\/www.elsindical.com.ar\/notas\/wp-json\/wp\/v2\/media?parent=90537"}],"wp:term":[{"taxonomy":"category","embeddable":true,"href":"https:\/\/www.elsindical.com.ar\/notas\/wp-json\/wp\/v2\/categories?post=90537"},{"taxonomy":"post_tag","embeddable":true,"href":"https:\/\/www.elsindical.com.ar\/notas\/wp-json\/wp\/v2\/tags?post=90537"}],"curies":[{"name":"wp","href":"https:\/\/api.w.org\/{rel}","templated":true}]}}