{"id":90534,"date":"2019-10-16T19:41:11","date_gmt":"2019-10-16T22:41:11","guid":{"rendered":"http:\/\/www.elsindical.com.ar\/notas\/?p=90534"},"modified":"2019-10-16T19:41:11","modified_gmt":"2019-10-16T22:41:11","slug":"san-miguel-del-monte-por-usurpar-inmuebles-detuvieron-al-ex-fiscal-de-canuelas-cesar-robatto","status":"publish","type":"post","link":"https:\/\/www.elsindical.com.ar\/notas\/san-miguel-del-monte-por-usurpar-inmuebles-detuvieron-al-ex-fiscal-de-canuelas-cesar-robatto\/","title":{"rendered":"San Miguel del Monte: Por usurpar inmuebles, detuvieron al ex fiscal de Ca\u00f1uelas C\u00e9sar Robatto"},"content":{"rendered":"\n<figure class=\"wp-block-image\"><img loading=\"lazy\" decoding=\"async\" width=\"1000\" height=\"556\" src=\"http:\/\/www.elsindical.com.ar\/notas\/var\/www\/html\/notas\/wp-content\/uploads\/2019\/10\/C\u00e9sar-Robatto.jpg\" alt=\"\" class=\"wp-image-90535\" srcset=\"https:\/\/www.elsindical.com.ar\/notas\/var\/www\/html\/notas\/wp-content\/uploads\/2019\/10\/C\u00e9sar-Robatto.jpg 1000w, https:\/\/www.elsindical.com.ar\/notas\/var\/www\/html\/notas\/wp-content\/uploads\/2019\/10\/C\u00e9sar-Robatto-300x167.jpg 300w, https:\/\/www.elsindical.com.ar\/notas\/var\/www\/html\/notas\/wp-content\/uploads\/2019\/10\/C\u00e9sar-Robatto-768x427.jpg 768w, https:\/\/www.elsindical.com.ar\/notas\/var\/www\/html\/notas\/wp-content\/uploads\/2019\/10\/C\u00e9sar-Robatto-500x278.jpg 500w\" sizes=\"auto, (max-width: 1000px) 100vw, 1000px\" \/><\/figure>\n\n\n\n<p> La detenci\u00f3n corri\u00f3 por cuenta de la Polic\u00eda Comunal de Monte. El  detenido fue titular de la Fiscal\u00eda Descentralizada N\u00ba 1 de Ca\u00f1uelas  desde su creaci\u00f3n, en 2008, hasta que present\u00f3 su renuncia en 2013. <\/p>\n\n\n\n<p>Personal de la Polic\u00eda Comunal de San Miguel del Monte, \ncon colaboraci\u00f3n con la DDI Brandsen, detuvo este domingo al exfiscal de\n Ca\u00f1uelas <strong>C\u00e9sar Robatto<\/strong>.<\/p>\n\n\n\n<p>En los autos de detenci\u00f3n a Robatto se lo acusa de \n\u201cusurpaci\u00f3n de propiedad inmueble, falsificaci\u00f3n de instrumento privado y\n p\u00fablico, uso de documento falso, falsa denuncia, abuso de autoridad, \ntodos estos en concurso ideal, en concurso real con estafa, denegaci\u00f3n \nde justicia y asociaci\u00f3n il\u00edcita\u201d.<\/p>\n\n\n\n<p>De acuerdo a lo informado por <em>InfoCa\u00f1uelas<\/em>, la orden fue emitida por el fiscal <strong>Lisandro Damonte<\/strong>,\n actual titular de la Fiscal\u00eda N\u00ba 1 de Ca\u00f1uelas, ya que Robatto fue su \ntitular entre el momento de su creaci\u00f3n, el 27 de octubre de 2008, y \nhasta el 16 de agosto de 2013, cuando present\u00f3 la renuncia indeclinable \nal cargo por \u201crazones personales\u201d.<\/p>\n\n\n\n<p>La causa por la que se lo imputa se habr\u00eda originado por \nhechos ocurridos durante su desempe\u00f1o como fiscal, y junto a Robatto \nfueron detenidas otras tres personas de La Matanza, Berisso y Ensenada, \ntodos alojados en la DDI La Plata a la espera de la indagatoria, que \nser\u00e1 este lunes.<\/p>\n\n\n\n<p>Su alejamiento formal de la Fiscal\u00eda Descentralizada, el \n18 de octubre de 2013, habr\u00eda obedecido a una investigaci\u00f3n iniciada por\n la entonces procuradora general de la Suprema Corte de Justicia \nbonaerense, <strong>Mar\u00eda del Carmen Falbo<\/strong>, debido a la gran \ncantidad de causas por usurpaci\u00f3n que se presentaban en su Fiscal\u00eda, y \nuna de esas causas bajo sospecha es la que habr\u00eda derivado en su \ndetenci\u00f3n.<\/p>\n\n\n\n<p>Interviene en el caso el Juzgado de Garant\u00edas N\u00ba 1 de La Plata, a cargo <strong>Guillermo Federico Atencio<\/strong>, y la Fiscal\u00eda N\u00ba 1 descentralizada de Ca\u00f1uelas, a cargo del nombrado Damonte. <\/p>\n","protected":false},"excerpt":{"rendered":"<p>La detenci\u00f3n corri\u00f3 por cuenta de la Polic\u00eda Comunal de Monte. El detenido fue titular de la Fiscal\u00eda Descentralizada N\u00ba 1 de Ca\u00f1uelas desde su creaci\u00f3n, en 2008, hasta que present\u00f3 su renuncia en 2013. Personal de la Polic\u00eda Comunal de San Miguel del Monte, con colaboraci\u00f3n con la DDI Brandsen, detuvo este domingo al&hellip;<\/p>\n","protected":false},"author":1,"featured_media":90535,"comment_status":"open","ping_status":"open","sticky":false,"template":"","format":"standard","meta":{"footnotes":""},"categories":[20],"tags":[1782,31709,792],"class_list":["post-90534","post","type-post","status-publish","format-standard","has-post-thumbnail","hentry","category-judiciales","tag-canuelas","tag-cesar-robatto","tag-fiscal"],"_links":{"self":[{"href":"https:\/\/www.elsindical.com.ar\/notas\/wp-json\/wp\/v2\/posts\/90534","targetHints":{"allow":["GET"]}}],"collection":[{"href":"https:\/\/www.elsindical.com.ar\/notas\/wp-json\/wp\/v2\/posts"}],"about":[{"href":"https:\/\/www.elsindical.com.ar\/notas\/wp-json\/wp\/v2\/types\/post"}],"author":[{"embeddable":true,"href":"https:\/\/www.elsindical.com.ar\/notas\/wp-json\/wp\/v2\/users\/1"}],"replies":[{"embeddable":true,"href":"https:\/\/www.elsindical.com.ar\/notas\/wp-json\/wp\/v2\/comments?post=90534"}],"version-history":[{"count":1,"href":"https:\/\/www.elsindical.com.ar\/notas\/wp-json\/wp\/v2\/posts\/90534\/revisions"}],"predecessor-version":[{"id":90536,"href":"https:\/\/www.elsindical.com.ar\/notas\/wp-json\/wp\/v2\/posts\/90534\/revisions\/90536"}],"wp:featuredmedia":[{"embeddable":true,"href":"https:\/\/www.elsindical.com.ar\/notas\/wp-json\/wp\/v2\/media\/90535"}],"wp:attachment":[{"href":"https:\/\/www.elsindical.com.ar\/notas\/wp-json\/wp\/v2\/media?parent=90534"}],"wp:term":[{"taxonomy":"category","embeddable":true,"href":"https:\/\/www.elsindical.com.ar\/notas\/wp-json\/wp\/v2\/categories?post=90534"},{"taxonomy":"post_tag","embeddable":true,"href":"https:\/\/www.elsindical.com.ar\/notas\/wp-json\/wp\/v2\/tags?post=90534"}],"curies":[{"name":"wp","href":"https:\/\/api.w.org\/{rel}","templated":true}]}}