{"id":90526,"date":"2019-10-16T14:23:41","date_gmt":"2019-10-16T17:23:41","guid":{"rendered":"http:\/\/www.elsindical.com.ar\/notas\/?p=90526"},"modified":"2019-10-16T14:23:41","modified_gmt":"2019-10-16T17:23:41","slug":"lanus-allanamiento-en-causa-por-homicidio-encuentran-drogas-fraccionadas-para-la-venta","status":"publish","type":"post","link":"https:\/\/www.elsindical.com.ar\/notas\/lanus-allanamiento-en-causa-por-homicidio-encuentran-drogas-fraccionadas-para-la-venta\/","title":{"rendered":"Lan\u00fas: Allanamiento en causa por homicidio, encuentran drogas fraccionadas para la venta"},"content":{"rendered":"\n<figure class=\"wp-block-image\"><img loading=\"lazy\" decoding=\"async\" width=\"1024\" height=\"1024\" src=\"http:\/\/www.elsindical.com.ar\/notas\/var\/www\/html\/notas\/wp-content\/uploads\/2019\/10\/WhatsApp-Image-2019-10-16-at-07.10.17-1024x1024.jpeg\" alt=\"\" class=\"wp-image-90527\" srcset=\"https:\/\/www.elsindical.com.ar\/notas\/var\/www\/html\/notas\/wp-content\/uploads\/2019\/10\/WhatsApp-Image-2019-10-16-at-07.10.17-1024x1024.jpeg 1024w, https:\/\/www.elsindical.com.ar\/notas\/var\/www\/html\/notas\/wp-content\/uploads\/2019\/10\/WhatsApp-Image-2019-10-16-at-07.10.17-150x150.jpeg 150w, https:\/\/www.elsindical.com.ar\/notas\/var\/www\/html\/notas\/wp-content\/uploads\/2019\/10\/WhatsApp-Image-2019-10-16-at-07.10.17-300x300.jpeg 300w, https:\/\/www.elsindical.com.ar\/notas\/var\/www\/html\/notas\/wp-content\/uploads\/2019\/10\/WhatsApp-Image-2019-10-16-at-07.10.17-768x768.jpeg 768w, https:\/\/www.elsindical.com.ar\/notas\/var\/www\/html\/notas\/wp-content\/uploads\/2019\/10\/WhatsApp-Image-2019-10-16-at-07.10.17-50x50.jpeg 50w, https:\/\/www.elsindical.com.ar\/notas\/var\/www\/html\/notas\/wp-content\/uploads\/2019\/10\/WhatsApp-Image-2019-10-16-at-07.10.17.jpeg 1280w\" sizes=\"auto, (max-width: 1024px) 100vw, 1024px\" \/><\/figure>\n\n\n\n<p>  Personal de la comisar\u00eda 4ta de Lan\u00fas, bajo estrictas directivas de la Jefatura Departamental de Seguridad Lan\u00fas, a cargo del Comisario Mayor Javier Carlos Villar, luego de intensas tareas de investigaci\u00f3n procedieron a realizar un allanamiento en la calle Taborda entre Don Orione y Hernandarias, donde se procedi\u00f3 a la detenci\u00f3n del propietario de la misma identificado como Sergio Daniel Valle de 45 a\u00f1os y al secuestro de droga fraccionada para la venta.<\/p>\n\n\n\n<p>Desde la Jefatura Departamental se convoc\u00f3 a la Polic\u00eda Cient\u00edfica para buscar rastros que se sumen a los elementos de inter\u00e9s en la causa, secuestrando una campera de color blanca con manchas de sangre al igual que un destornillador, por el hecho intervienen dos UFI, la 3 y la 1, ya que en el allanamiento se comprob\u00f3 que la droga encontrada era parte del comercio il\u00edcito.<\/p>\n\n\n\n<p>Los investigadores policiales ten\u00edan la certeza que se trataba de un hecho de los que se conocen como \u00abajuste de cuentas\u00bb, en donde result\u00f3 muerto Oscar Adolfo Hornos de 41 a\u00f1os y herido Juan Domingo L\u00f3pez, quien reconoci\u00f3 que no se trato de un hecho de inseguridad, sino de agresores con los que ten\u00edan problemas de vieja data aunque se neg\u00f3 a identificarlos, a pesar de ello los investigadores pudieron confirmar que no fue un hecho de inseguridad, secuestrar elementos de inter\u00e9s para la causa y desarticular un  \u00abkiosco\u00bb de drogas con el peligro que estos implican para la sociedad.<\/p>\n\n\n\n<p>Con este nuevo hecho esclarecido, la Jefatura Departamental de Seguridad Lan\u00fas encabeza las jefaturas con mejor productividad y eficiencia, seg\u00fan estad\u00edsticas del Ministerio de Seguridad Bonaerense y el Ministerio P\u00fablico Fiscal, tambi\u00e9n es para destacar que el Polo Judicial de Lan\u00fas, tiene un aceitado mecanismo de trabajo con la polic\u00eda.<\/p>\n\n\n\n<ul class=\"wp-block-gallery columns-1 is-cropped wp-block-gallery-1 is-layout-flex wp-block-gallery-is-layout-flex\"><li class=\"blocks-gallery-item\"><figure><img loading=\"lazy\" decoding=\"async\" width=\"904\" height=\"767\" src=\"http:\/\/www.elsindical.com.ar\/notas\/var\/www\/html\/notas\/wp-content\/uploads\/2019\/10\/ijdqoiwji.jpg\" alt=\"\" data-id=\"90528\" data-link=\"http:\/\/www.elsindical.com.ar\/notas\/?attachment_id=90528#main\" class=\"wp-image-90528\" srcset=\"https:\/\/www.elsindical.com.ar\/notas\/var\/www\/html\/notas\/wp-content\/uploads\/2019\/10\/ijdqoiwji.jpg 904w, https:\/\/www.elsindical.com.ar\/notas\/var\/www\/html\/notas\/wp-content\/uploads\/2019\/10\/ijdqoiwji-300x255.jpg 300w, https:\/\/www.elsindical.com.ar\/notas\/var\/www\/html\/notas\/wp-content\/uploads\/2019\/10\/ijdqoiwji-768x652.jpg 768w, https:\/\/www.elsindical.com.ar\/notas\/var\/www\/html\/notas\/wp-content\/uploads\/2019\/10\/ijdqoiwji-354x300.jpg 354w\" sizes=\"auto, (max-width: 904px) 100vw, 904px\" \/><\/figure><\/li><li class=\"blocks-gallery-item\"><figure><img loading=\"lazy\" decoding=\"async\" width=\"765\" height=\"762\" src=\"http:\/\/www.elsindical.com.ar\/notas\/var\/www\/html\/notas\/wp-content\/uploads\/2019\/10\/hoqhowd.jpg\" alt=\"\" data-id=\"90529\" data-link=\"http:\/\/www.elsindical.com.ar\/notas\/?attachment_id=90529#main\" class=\"wp-image-90529\" srcset=\"https:\/\/www.elsindical.com.ar\/notas\/var\/www\/html\/notas\/wp-content\/uploads\/2019\/10\/hoqhowd.jpg 765w, https:\/\/www.elsindical.com.ar\/notas\/var\/www\/html\/notas\/wp-content\/uploads\/2019\/10\/hoqhowd-150x150.jpg 150w, https:\/\/www.elsindical.com.ar\/notas\/var\/www\/html\/notas\/wp-content\/uploads\/2019\/10\/hoqhowd-300x300.jpg 300w, https:\/\/www.elsindical.com.ar\/notas\/var\/www\/html\/notas\/wp-content\/uploads\/2019\/10\/hoqhowd-301x300.jpg 301w, https:\/\/www.elsindical.com.ar\/notas\/var\/www\/html\/notas\/wp-content\/uploads\/2019\/10\/hoqhowd-50x50.jpg 50w\" sizes=\"auto, (max-width: 765px) 100vw, 765px\" \/><\/figure><\/li><li class=\"blocks-gallery-item\"><figure><img loading=\"lazy\" decoding=\"async\" width=\"773\" height=\"768\" src=\"http:\/\/www.elsindical.com.ar\/notas\/var\/www\/html\/notas\/wp-content\/uploads\/2019\/10\/hfihihdfow.jpg\" alt=\"\" data-id=\"90530\" data-link=\"http:\/\/www.elsindical.com.ar\/notas\/?attachment_id=90530#main\" class=\"wp-image-90530\" srcset=\"https:\/\/www.elsindical.com.ar\/notas\/var\/www\/html\/notas\/wp-content\/uploads\/2019\/10\/hfihihdfow.jpg 773w, https:\/\/www.elsindical.com.ar\/notas\/var\/www\/html\/notas\/wp-content\/uploads\/2019\/10\/hfihihdfow-150x150.jpg 150w, https:\/\/www.elsindical.com.ar\/notas\/var\/www\/html\/notas\/wp-content\/uploads\/2019\/10\/hfihihdfow-300x298.jpg 300w, https:\/\/www.elsindical.com.ar\/notas\/var\/www\/html\/notas\/wp-content\/uploads\/2019\/10\/hfihihdfow-768x763.jpg 768w, https:\/\/www.elsindical.com.ar\/notas\/var\/www\/html\/notas\/wp-content\/uploads\/2019\/10\/hfihihdfow-302x300.jpg 302w, https:\/\/www.elsindical.com.ar\/notas\/var\/www\/html\/notas\/wp-content\/uploads\/2019\/10\/hfihihdfow-50x50.jpg 50w\" sizes=\"auto, (max-width: 773px) 100vw, 773px\" \/><\/figure><\/li><\/ul>\n\n\n\n<iframe loading=\"lazy\" width=\"580\" height=\"420\" src=\"https:\/\/www.youtube.com\/embed\/F9riBtUIeEw\" frameborder=\"0\" allow=\"accelerometer; autoplay; encrypted-media; gyroscope; picture-in-picture\" allowfullscreen><\/iframe>\n","protected":false},"excerpt":{"rendered":"<p>Personal de la comisar\u00eda 4ta de Lan\u00fas, bajo estrictas directivas de la Jefatura Departamental de Seguridad Lan\u00fas, a cargo del Comisario Mayor Javier Carlos Villar, luego de intensas tareas de investigaci\u00f3n procedieron a realizar un allanamiento en la calle Taborda entre Don Orione y Hernandarias, donde se procedi\u00f3 a la detenci\u00f3n del propietario de la&hellip;<\/p>\n","protected":false},"author":1,"featured_media":90527,"comment_status":"open","ping_status":"open","sticky":false,"template":"","format":"standard","meta":{"footnotes":""},"categories":[22],"tags":[22301,382,23294,209,6272],"class_list":["post-90526","post","type-post","status-publish","format-standard","has-post-thumbnail","hentry","category-policiales","tag-comisario-mayor-javier-carlos-villar","tag-drogas","tag-jefatura-departamental-avellaneda-lanus-lomas","tag-lanus","tag-remedios-de-escalada"],"_links":{"self":[{"href":"https:\/\/www.elsindical.com.ar\/notas\/wp-json\/wp\/v2\/posts\/90526","targetHints":{"allow":["GET"]}}],"collection":[{"href":"https:\/\/www.elsindical.com.ar\/notas\/wp-json\/wp\/v2\/posts"}],"about":[{"href":"https:\/\/www.elsindical.com.ar\/notas\/wp-json\/wp\/v2\/types\/post"}],"author":[{"embeddable":true,"href":"https:\/\/www.elsindical.com.ar\/notas\/wp-json\/wp\/v2\/users\/1"}],"replies":[{"embeddable":true,"href":"https:\/\/www.elsindical.com.ar\/notas\/wp-json\/wp\/v2\/comments?post=90526"}],"version-history":[{"count":1,"href":"https:\/\/www.elsindical.com.ar\/notas\/wp-json\/wp\/v2\/posts\/90526\/revisions"}],"predecessor-version":[{"id":90531,"href":"https:\/\/www.elsindical.com.ar\/notas\/wp-json\/wp\/v2\/posts\/90526\/revisions\/90531"}],"wp:featuredmedia":[{"embeddable":true,"href":"https:\/\/www.elsindical.com.ar\/notas\/wp-json\/wp\/v2\/media\/90527"}],"wp:attachment":[{"href":"https:\/\/www.elsindical.com.ar\/notas\/wp-json\/wp\/v2\/media?parent=90526"}],"wp:term":[{"taxonomy":"category","embeddable":true,"href":"https:\/\/www.elsindical.com.ar\/notas\/wp-json\/wp\/v2\/categories?post=90526"},{"taxonomy":"post_tag","embeddable":true,"href":"https:\/\/www.elsindical.com.ar\/notas\/wp-json\/wp\/v2\/tags?post=90526"}],"curies":[{"name":"wp","href":"https:\/\/api.w.org\/{rel}","templated":true}]}}