{"id":90426,"date":"2019-10-12T10:40:32","date_gmt":"2019-10-12T13:40:32","guid":{"rendered":"http:\/\/www.elsindical.com.ar\/notas\/?p=90426"},"modified":"2019-10-12T10:40:32","modified_gmt":"2019-10-12T13:40:32","slug":"en-repudio-a-la-violencia-apsee","status":"publish","type":"post","link":"https:\/\/www.elsindical.com.ar\/notas\/en-repudio-a-la-violencia-apsee\/","title":{"rendered":"En repudio a la violencia APSEE"},"content":{"rendered":"\n<p class=\"wp-block-paragraph\"> Compartimos el comunicado de la Asociaci\u00f3n del Personal Superior de  Empresas de Energ\u00eda (APSEE) en repudio a la violencia que experimentan  los trabajadores del sector el\u00e9ctrico.\u00a0<br>\u00a0 \u00a0 Para m\u00e1s informaci\u00f3n o  para coordinar una entrevista con Carlos Minucci, secretario general,  contactar al (011) 15-3585-6017.<br>\u00a0 \u00a0 Se agradece difusi\u00f3n.\u00a0 \u00a0\u00a0\u00a0 \u00a0 Saludos. <\/p>\n\n\n\n<figure class=\"wp-block-image\"><img loading=\"lazy\" decoding=\"async\" width=\"723\" height=\"1024\" src=\"http:\/\/www.elsindical.com.ar\/notas\/var\/www\/html\/notas\/wp-content\/uploads\/2019\/10\/repudio-comunicado-APSEE-723x1024.jpg\" alt=\"\" class=\"wp-image-90427\" srcset=\"https:\/\/www.elsindical.com.ar\/notas\/var\/www\/html\/notas\/wp-content\/uploads\/2019\/10\/repudio-comunicado-APSEE-723x1024.jpg 723w, https:\/\/www.elsindical.com.ar\/notas\/var\/www\/html\/notas\/wp-content\/uploads\/2019\/10\/repudio-comunicado-APSEE-212x300.jpg 212w, https:\/\/www.elsindical.com.ar\/notas\/var\/www\/html\/notas\/wp-content\/uploads\/2019\/10\/repudio-comunicado-APSEE-768x1087.jpg 768w, https:\/\/www.elsindical.com.ar\/notas\/var\/www\/html\/notas\/wp-content\/uploads\/2019\/10\/repudio-comunicado-APSEE.jpg 904w\" sizes=\"auto, (max-width: 723px) 100vw, 723px\" \/><\/figure>\n","protected":false},"excerpt":{"rendered":"<p>Compartimos el comunicado de la Asociaci\u00f3n del Personal Superior de Empresas de Energ\u00eda (APSEE) en repudio a la violencia que experimentan los trabajadores del sector el\u00e9ctrico.\u00a0\u00a0 \u00a0 Para m\u00e1s informaci\u00f3n o para coordinar una entrevista con Carlos Minucci, secretario general, contactar al (011) 15-3585-6017.\u00a0 \u00a0 Se agradece difusi\u00f3n.\u00a0 \u00a0\u00a0\u00a0 \u00a0 Saludos.<\/p>\n","protected":false},"author":1,"featured_media":90427,"comment_status":"open","ping_status":"open","sticky":false,"template":"","format":"standard","meta":{"footnotes":""},"categories":[16],"tags":[1117,3965,22028,209],"class_list":["post-90426","post","type-post","status-publish","format-standard","has-post-thumbnail","hentry","category-gremiales","tag-agresiones","tag-edesur-s-a","tag-gremiales","tag-lanus"],"_links":{"self":[{"href":"https:\/\/www.elsindical.com.ar\/notas\/wp-json\/wp\/v2\/posts\/90426","targetHints":{"allow":["GET"]}}],"collection":[{"href":"https:\/\/www.elsindical.com.ar\/notas\/wp-json\/wp\/v2\/posts"}],"about":[{"href":"https:\/\/www.elsindical.com.ar\/notas\/wp-json\/wp\/v2\/types\/post"}],"author":[{"embeddable":true,"href":"https:\/\/www.elsindical.com.ar\/notas\/wp-json\/wp\/v2\/users\/1"}],"replies":[{"embeddable":true,"href":"https:\/\/www.elsindical.com.ar\/notas\/wp-json\/wp\/v2\/comments?post=90426"}],"version-history":[{"count":1,"href":"https:\/\/www.elsindical.com.ar\/notas\/wp-json\/wp\/v2\/posts\/90426\/revisions"}],"predecessor-version":[{"id":90428,"href":"https:\/\/www.elsindical.com.ar\/notas\/wp-json\/wp\/v2\/posts\/90426\/revisions\/90428"}],"wp:featuredmedia":[{"embeddable":true,"href":"https:\/\/www.elsindical.com.ar\/notas\/wp-json\/wp\/v2\/media\/90427"}],"wp:attachment":[{"href":"https:\/\/www.elsindical.com.ar\/notas\/wp-json\/wp\/v2\/media?parent=90426"}],"wp:term":[{"taxonomy":"category","embeddable":true,"href":"https:\/\/www.elsindical.com.ar\/notas\/wp-json\/wp\/v2\/categories?post=90426"},{"taxonomy":"post_tag","embeddable":true,"href":"https:\/\/www.elsindical.com.ar\/notas\/wp-json\/wp\/v2\/tags?post=90426"}],"curies":[{"name":"wp","href":"https:\/\/api.w.org\/{rel}","templated":true}]}}