{"id":90404,"date":"2019-10-11T00:57:17","date_gmt":"2019-10-11T03:57:17","guid":{"rendered":"http:\/\/www.elsindical.com.ar\/notas\/?p=90404"},"modified":"2019-10-11T00:57:17","modified_gmt":"2019-10-11T03:57:17","slug":"por-la-crisis-economica-zanella-despidio-a-70-empleados-en-caseros","status":"publish","type":"post","link":"https:\/\/www.elsindical.com.ar\/notas\/por-la-crisis-economica-zanella-despidio-a-70-empleados-en-caseros\/","title":{"rendered":"Por la crisis econ\u00f3mica, Zanella despidi\u00f3 a 70 empleados en Caseros"},"content":{"rendered":"\n<figure class=\"wp-block-image\"><img loading=\"lazy\" decoding=\"async\" width=\"1024\" height=\"696\" src=\"http:\/\/www.elsindical.com.ar\/notas\/var\/www\/html\/notas\/wp-content\/uploads\/2019\/10\/Zanella-Caseros-1024x696.jpg\" alt=\"\" class=\"wp-image-90405\" srcset=\"https:\/\/www.elsindical.com.ar\/notas\/var\/www\/html\/notas\/wp-content\/uploads\/2019\/10\/Zanella-Caseros-1024x696.jpg 1024w, https:\/\/www.elsindical.com.ar\/notas\/var\/www\/html\/notas\/wp-content\/uploads\/2019\/10\/Zanella-Caseros-300x204.jpg 300w, https:\/\/www.elsindical.com.ar\/notas\/var\/www\/html\/notas\/wp-content\/uploads\/2019\/10\/Zanella-Caseros-768x522.jpg 768w, https:\/\/www.elsindical.com.ar\/notas\/var\/www\/html\/notas\/wp-content\/uploads\/2019\/10\/Zanella-Caseros-442x300.jpg 442w, https:\/\/www.elsindical.com.ar\/notas\/var\/www\/html\/notas\/wp-content\/uploads\/2019\/10\/Zanella-Caseros.jpg 1170w\" sizes=\"auto, (max-width: 1024px) 100vw, 1024px\" \/><\/figure>\n\n\n\n<p class=\"wp-block-paragraph\"> La empresa hab\u00eda  anunciado a principios de agosto el despido de unos 32 operarios en la  planta que opera en la ciudad de San Luis, despu\u00e9s de cerrar sus  operaciones en Mar del Plata y realizar ajustes de personal en C\u00f3rdoba. <\/p>\n\n\n\n<p class=\"wp-block-paragraph\">El fabricante de motocicletas <strong>Zanella despidi\u00f3 este jueves a \nunos 70 empleados y cerr\u00f3 la planta administrativa y de producci\u00f3n que \noperaba en la localidad de Caseros,<\/strong> en el partido bonaerense de Tres de Febrero.<\/p>\n\n\n\n<p class=\"wp-block-paragraph\">Hern\u00e1n Torres, secretario de la Uni\u00f3n Obrera Metal\u00fargica de Tres de \nFebrero, confirm\u00f3 que unos setenta operarios no pudieron ingresar a la \nplanta cuando llegaron para iniciar sus tareas cotidianas.<\/p>\n\n\n\n<p class=\"wp-block-paragraph\">\u00abAlrededor de 70 personas llegaron a la planta y les entregaron una  copia del telegrama de despido. La planta ven\u00eda mal desde febrero y la  empresa adeudaba parte de los sueldos y aguinaldos desde junio\u00bb, dijo el  dirigente sindical.<\/p>\n\n\n\n<p class=\"wp-block-paragraph\">En ese sentido, precis\u00f3 que<strong> la firma de capitales nacionales le adeuda unos 120.000 pesos en promedio a cada uno de los trabajadores a los que despidi\u00f3.<\/strong><\/p>\n\n\n\n<p class=\"wp-block-paragraph\">Zanella hab\u00eda anunciado a principios de agosto el despido de unos 32 \noperarios en la planta que opera en la ciudad de San Luis, despu\u00e9s de \ncerrar sus operaciones en Mar del Plata y realizar ajustes de personal \ntambi\u00e9n en C\u00f3rdoba.<\/p>\n\n\n\n<p class=\"wp-block-paragraph\">Esta compa\u00f1\u00eda fue fundada en la Argentina en 1948 y para 2019 ten\u00eda \npensado celebrar la fabricaci\u00f3n de la moto N\u00b0 2.500.000, aunque esto se \nha visto postergado debido a la crisis en la que cay\u00f3 debido a la \nrecesi\u00f3n econ\u00f3mica y el desplome de ventas de motoveh\u00edculos.<\/p>\n\n\n\n<p class=\"wp-block-paragraph\">Zanella se estableci\u00f3 en Caseros como una sociedad de coparticipaci\u00f3n\n en la rama metal\u00fargica: comenz\u00f3 como f\u00e1brica de aberturas y se extendi\u00f3\n a la fabricaci\u00f3n de accesorios y repuesto para Fiat y Peugeot, mientras\n que su primera motocicleta fue construida all\u00ed con parte de componentes\n importados de Italia.<\/p>\n\n\n\n<p class=\"wp-block-paragraph\">Esto la llev\u00f3 a montar en 1960 su primera l\u00ednea de ensamblaje en \nCaseros donde se manufacturaban el 80% de los componentes hasta alcanzar\n un motoveh\u00edculo \u00edntegramente fabricado all\u00ed.<\/p>\n\n\n\n<p class=\"wp-block-paragraph\">Seg\u00fan datos de la Divisi\u00f3n Motoveh\u00edculos de la Asociaci\u00f3n de \nConcesionarios de Automotores de la Rep\u00fablica Argentina (ACARA), este \nsector registr\u00f3 un descenso del 45,2% en los primeros nueve meses del \na\u00f1o, respecto del mismo per\u00edodo de 2018.<\/p>\n\n\n\n<p class=\"wp-block-paragraph\"><strong>La cantidad de unidades patentadas durante septiembre fue de \n19.070 motoveh\u00edculos, lo que mostr\u00f3 una baja del orden del 31,2% en \ncomparaci\u00f3n con agosto,<\/strong> en el que se hab\u00edan registrado 27.706 unidades.<\/p>\n\n\n\n<p class=\"wp-block-paragraph\">Si se realiza una comparaci\u00f3n interanual se observa un patentamiento \ncon un 46,7% de unidades menos que en septiembre de 2018, cuando se \nhab\u00edan registrado 35.751 motoveh\u00edculos.<\/p>\n","protected":false},"excerpt":{"rendered":"<p>La empresa hab\u00eda anunciado a principios de agosto el despido de unos 32 operarios en la planta que opera en la ciudad de San Luis, despu\u00e9s de cerrar sus operaciones en Mar del Plata y realizar ajustes de personal en C\u00f3rdoba. El fabricante de motocicletas Zanella despidi\u00f3 este jueves a unos 70 empleados y cerr\u00f3&hellip;<\/p>\n","protected":false},"author":1,"featured_media":90405,"comment_status":"open","ping_status":"open","sticky":false,"template":"","format":"standard","meta":{"footnotes":""},"categories":[28],"tags":[2913,53,22023,8530,30234],"class_list":["post-90404","post","type-post","status-publish","format-standard","has-post-thumbnail","hentry","category-empresariales","tag-caseros","tag-despidos","tag-economia","tag-ventas","tag-zanella"],"_links":{"self":[{"href":"https:\/\/www.elsindical.com.ar\/notas\/wp-json\/wp\/v2\/posts\/90404","targetHints":{"allow":["GET"]}}],"collection":[{"href":"https:\/\/www.elsindical.com.ar\/notas\/wp-json\/wp\/v2\/posts"}],"about":[{"href":"https:\/\/www.elsindical.com.ar\/notas\/wp-json\/wp\/v2\/types\/post"}],"author":[{"embeddable":true,"href":"https:\/\/www.elsindical.com.ar\/notas\/wp-json\/wp\/v2\/users\/1"}],"replies":[{"embeddable":true,"href":"https:\/\/www.elsindical.com.ar\/notas\/wp-json\/wp\/v2\/comments?post=90404"}],"version-history":[{"count":1,"href":"https:\/\/www.elsindical.com.ar\/notas\/wp-json\/wp\/v2\/posts\/90404\/revisions"}],"predecessor-version":[{"id":90406,"href":"https:\/\/www.elsindical.com.ar\/notas\/wp-json\/wp\/v2\/posts\/90404\/revisions\/90406"}],"wp:featuredmedia":[{"embeddable":true,"href":"https:\/\/www.elsindical.com.ar\/notas\/wp-json\/wp\/v2\/media\/90405"}],"wp:attachment":[{"href":"https:\/\/www.elsindical.com.ar\/notas\/wp-json\/wp\/v2\/media?parent=90404"}],"wp:term":[{"taxonomy":"category","embeddable":true,"href":"https:\/\/www.elsindical.com.ar\/notas\/wp-json\/wp\/v2\/categories?post=90404"},{"taxonomy":"post_tag","embeddable":true,"href":"https:\/\/www.elsindical.com.ar\/notas\/wp-json\/wp\/v2\/tags?post=90404"}],"curies":[{"name":"wp","href":"https:\/\/api.w.org\/{rel}","templated":true}]}}