{"id":9036,"date":"2010-08-29T21:24:03","date_gmt":"2010-08-30T00:24:03","guid":{"rendered":"http:\/\/www.elsindical.com.ar\/notas\/?p=9036"},"modified":"2010-08-29T21:24:03","modified_gmt":"2010-08-30T00:24:03","slug":"en-una-dura-pelea-maidana-retuvo-su-corona","status":"publish","type":"post","link":"https:\/\/www.elsindical.com.ar\/notas\/en-una-dura-pelea-maidana-retuvo-su-corona\/","title":{"rendered":"En una dura pelea Maidana retuvo su corona"},"content":{"rendered":"<p style=\"text-align: justify;\"><em><strong><a href=\"http:\/\/www.elsindical.com.ar\/notas\/var\/www\/html\/notas\/wp-content\/uploads\/2010\/08\/Maidana-y-Corley.jpg\"><img loading=\"lazy\" decoding=\"async\" class=\"alignleft size-medium wp-image-9037\" title=\"Maidana-y-Corley\" src=\"http:\/\/www.elsindical.com.ar\/notas\/var\/www\/html\/notas\/wp-content\/uploads\/2010\/08\/Maidana-y-Corley-300x180.jpg\" alt=\"\" width=\"300\" height=\"180\" srcset=\"https:\/\/www.elsindical.com.ar\/notas\/var\/www\/html\/notas\/wp-content\/uploads\/2010\/08\/Maidana-y-Corley-300x180.jpg 300w, https:\/\/www.elsindical.com.ar\/notas\/var\/www\/html\/notas\/wp-content\/uploads\/2010\/08\/Maidana-y-Corley.jpg 413w\" sizes=\"auto, (max-width: 300px) 100vw, 300px\" \/><\/a>El noqueador santafesino le gan\u00f3 por puntos en fallo un\u00e1nime al veterano norteamericano DeMarcus Corley<\/strong> ex campe\u00f3n mundial de la categor\u00eda, al exponer su corona interina de los superligeros reconocida por la AMB.<\/em><\/p>\n<p style=\"text-align: justify;\">El santafesino Marcos Maidana retuvo esta madrugada el t\u00edtulo interino de los\u00a0\u00a0superligeros AMB al vencer por puntos y en fallo un\u00e1nime al veterano retador\u00a0norteamericano\u00a0DeMarcus Corley, en una pelea que que se desarroll\u00f3 en el m\u00edtico estadio Luna Park.<\/p>\n<p>Los jurados vieron ganar al p\u00fagil argentino de la siguiente manera: Enrique Portocarrero (Nicaragua) 117-100, An\u00edbal Andrade (Uruguay) 115-112 y V\u00edctor Simons (Panam\u00e1) 117-110.<br \/>\n\u00a0<br \/>\nLa pelea, sin embargo, pareci\u00f3 mucho m\u00e1s pareja que lo que mostraron las tarjetas, ya que el norteamericano, con oficio, artima\u00f1as y buena t\u00e9cnica, aunque sin mucha potencia, logr\u00f3 desbordar en muchos pasajes al argentino, que, a pesar de lograr tirar al rival en el s\u00e9ptimo round, termin\u00f3 ahogado f\u00edsicamente.<br \/>\n\u00a0<br \/>\n<strong>\u00abMe complic\u00f3, me cort\u00f3, me cabece\u00f3 y estuve muy nervioso<\/strong>\u00ab, confes\u00f3 el \u00abChino\u00bb luego de la pelea.<\/p>\n<p style=\"text-align: justify;\">El combate se efectu\u00f3 a la distancia de 12 rounds. La Asociaci\u00f3n Mundial de Boxeo (AMB) design\u00f3 al \u00e1rbitro paname\u00f1o Julio C\u00e9sar Alvarado para dirigir este pleito, mientras que el jurado estar\u00e1 integrado por Enrique Portocarrero (Nicaragua), An\u00edbal Andrade (Uruguay) y V\u00edctor Simons (Panam\u00e1).<\/p>\n","protected":false},"excerpt":{"rendered":"<p>El noqueador santafesino le gan\u00f3 por puntos en fallo un\u00e1nime al veterano norteamericano DeMarcus Corley ex campe\u00f3n mundial de la categor\u00eda, al exponer su corona interina de los superligeros reconocida por la AMB. El santafesino Marcos Maidana retuvo esta madrugada el t\u00edtulo interino de los\u00a0\u00a0superligeros AMB al vencer por puntos y en fallo un\u00e1nime al&hellip;<\/p>\n","protected":false},"author":1,"featured_media":0,"comment_status":"open","ping_status":"open","sticky":false,"template":"","format":"standard","meta":{"footnotes":""},"categories":[7],"tags":[2363,2066,3402,4402,4403,635,2629,4404,4405],"class_list":["post-9036","post","type-post","status-publish","format-standard","hentry","category-deportes","tag-amb","tag-boxeo","tag-campeon","tag-demarcus-corley","tag-estadio","tag-luna-park","tag-marcos-maidana","tag-norteamericano","tag-santafesino"],"_links":{"self":[{"href":"https:\/\/www.elsindical.com.ar\/notas\/wp-json\/wp\/v2\/posts\/9036","targetHints":{"allow":["GET"]}}],"collection":[{"href":"https:\/\/www.elsindical.com.ar\/notas\/wp-json\/wp\/v2\/posts"}],"about":[{"href":"https:\/\/www.elsindical.com.ar\/notas\/wp-json\/wp\/v2\/types\/post"}],"author":[{"embeddable":true,"href":"https:\/\/www.elsindical.com.ar\/notas\/wp-json\/wp\/v2\/users\/1"}],"replies":[{"embeddable":true,"href":"https:\/\/www.elsindical.com.ar\/notas\/wp-json\/wp\/v2\/comments?post=9036"}],"version-history":[{"count":1,"href":"https:\/\/www.elsindical.com.ar\/notas\/wp-json\/wp\/v2\/posts\/9036\/revisions"}],"predecessor-version":[{"id":9038,"href":"https:\/\/www.elsindical.com.ar\/notas\/wp-json\/wp\/v2\/posts\/9036\/revisions\/9038"}],"wp:attachment":[{"href":"https:\/\/www.elsindical.com.ar\/notas\/wp-json\/wp\/v2\/media?parent=9036"}],"wp:term":[{"taxonomy":"category","embeddable":true,"href":"https:\/\/www.elsindical.com.ar\/notas\/wp-json\/wp\/v2\/categories?post=9036"},{"taxonomy":"post_tag","embeddable":true,"href":"https:\/\/www.elsindical.com.ar\/notas\/wp-json\/wp\/v2\/tags?post=9036"}],"curies":[{"name":"wp","href":"https:\/\/api.w.org\/{rel}","templated":true}]}}