{"id":90346,"date":"2019-10-09T10:52:25","date_gmt":"2019-10-09T13:52:25","guid":{"rendered":"http:\/\/www.elsindical.com.ar\/notas\/?p=90346"},"modified":"2019-10-09T10:55:28","modified_gmt":"2019-10-09T13:55:28","slug":"la-justicia-declaro-inconstitucional-el-dnu-de-macri-que-rebaja-las-indemnizaciones-por-accidentes-laborales","status":"publish","type":"post","link":"https:\/\/www.elsindical.com.ar\/notas\/la-justicia-declaro-inconstitucional-el-dnu-de-macri-que-rebaja-las-indemnizaciones-por-accidentes-laborales\/","title":{"rendered":"La Justicia declar\u00f3 inconstitucional el DNU de Macri que rebaja las indemnizaciones por accidentes laborales"},"content":{"rendered":"\n<figure class=\"wp-block-image\"><img loading=\"lazy\" decoding=\"async\" width=\"1024\" height=\"554\" src=\"http:\/\/www.elsindical.com.ar\/notas\/var\/www\/html\/notas\/wp-content\/uploads\/2019\/10\/Sica-Macri-y-Bullrich-1024x554.jpg\" alt=\"\" class=\"wp-image-90347\" srcset=\"https:\/\/www.elsindical.com.ar\/notas\/var\/www\/html\/notas\/wp-content\/uploads\/2019\/10\/Sica-Macri-y-Bullrich-1024x554.jpg 1024w, https:\/\/www.elsindical.com.ar\/notas\/var\/www\/html\/notas\/wp-content\/uploads\/2019\/10\/Sica-Macri-y-Bullrich-300x162.jpg 300w, https:\/\/www.elsindical.com.ar\/notas\/var\/www\/html\/notas\/wp-content\/uploads\/2019\/10\/Sica-Macri-y-Bullrich-768x416.jpg 768w, https:\/\/www.elsindical.com.ar\/notas\/var\/www\/html\/notas\/wp-content\/uploads\/2019\/10\/Sica-Macri-y-Bullrich-500x271.jpg 500w, https:\/\/www.elsindical.com.ar\/notas\/var\/www\/html\/notas\/wp-content\/uploads\/2019\/10\/Sica-Macri-y-Bullrich.jpg 1592w\" sizes=\"auto, (max-width: 1024px) 100vw, 1024px\" \/><\/figure>\n\n\n\n<p class=\"wp-block-paragraph\"> El juez del Trabajo n\u00famero 41 Alejandro Segura  declar\u00f3 inconstitucional al Decreto de Necesidad y Urgencia (DNU) 669\/19  que fue firmado por el presidente Mauricio Macri y que reduce las  indemnizaciones por invalidez resultantes de accidentes de trabajo. <\/p>\n\n\n\n<p class=\"wp-block-paragraph\">La presentaci\u00f3n judicial la hab\u00eda hecho el periodista Miguel \u00c1ngel \n\u00abTit\u00ed\u00bb Fern\u00e1ndez contra TyC Sports y Fox Sports por los problemas de \nsalud que padeci\u00f3 tras la muerte de su hija.<\/p>\n\n\n\n<p class=\"wp-block-paragraph\">\u00ab\u00bfPuede un DNU  establecer una norma menos beneficiosa para lxs trabajadorxs? \u00bfPuede un  DNU determinar su aplicaci\u00f3n retoactiva? Voy a responder ambos  interrogantes en forma negativa animado por el manifiesto car\u00e1cter burdo  que tiene esta norna, impropia del Estado de Derecho seguramente urdida  por personas incapaces de aprobar un parcial de derecho civil Parte  General, si hubiera tenido la suerte de estudiar\u00bb, afirm\u00f3 el juez Segura  para justificar su fallo que se conoci\u00f3 en las \u00faltimas horas.<\/p>\n\n\n\n<p class=\"wp-block-paragraph\"><strong>El magistrado sostuvo que durante los \u00faltimos tres a\u00f1os \nintent\u00f3 \u00absustentar contra viento y marea como medio para preservar el \nvalor salarial la actualizaci\u00f3n monetaria tal como lo so\u00f1\u00f3 Centeno\u00bb.<\/strong><\/p>\n\n\n\n<p class=\"wp-block-paragraph\">La\n presentaci\u00f3n judicial la hab\u00eda realizado \u00abTit\u00ed\u00bb quien denunci\u00f3 que, \npese a haber tenido varias intervenciones por su salud deteriorada por \ndolores en el pecho y mareos fue compelido a seguir desempe\u00f1ando de \nforma normal y habitual sus tareas. Tit\u00ed comenz\u00f3 a tener problemas de \nsalud luego de la muerte de su hija en un accidente de tr\u00e1nsito en \nBrasil en 2014 cuando se jugaba el mundial de F\u00fatbol.<\/p>\n\n\n\n<p class=\"wp-block-paragraph\"><strong>El \nDNU 669 hab\u00eda establecido que \u00abdesde la fecha de la primera \nmanifestaci\u00f3n invalidante y hasta la fecha en que deba realizarse la \npuesta a disposici\u00f3n de la indemnizaci\u00f3n por determinaci\u00f3n de la \nincapacidad laboral definitiva, deceso del trabajador u homologaci\u00f3n, el\n monto del ingreso base devengar\u00e1 un inter\u00e9s equivalente a la tasa de \nvariaci\u00f3n de las Remuneraciones Imponibles Promedio de los Trabajadores \nEstables (RIPTE) en el per\u00edodo considerado\u00bb.<\/strong><\/p>\n\n\n\n<p class=\"wp-block-paragraph\">Hasta hoy, \nel \u00edndice que se tomaba en cuenta para actualizar la indemnizaci\u00f3n hasta\n el momento del cobro era el de la tasa activa cartera general nominal \nanual vencida a treinta (30) d\u00edas del Banco de la Naci\u00f3n Argentina, un \n\u00edndice mayor. &nbsp;Por ejemplo, el RIPTE de todo el 2018 fue de 27,72%, \ncontra un 40,63% de la tasa activa del Naci\u00f3n.<\/p>\n\n\n\n<p class=\"wp-block-paragraph\">Otro punto pol\u00e9mico\n al que hizo referencia el juez es que esta medida tendr\u00e1n vigencia \nretroactivamente, ya que en el art\u00edculo 3 establece que \u00abse aplicar\u00e1n en\n todos los casos, independientemente de la fecha de la primera \nmanifestaci\u00f3n invalidante\u00bb.<\/p>\n","protected":false},"excerpt":{"rendered":"<p>El juez del Trabajo n\u00famero 41 Alejandro Segura declar\u00f3 inconstitucional al Decreto de Necesidad y Urgencia (DNU) 669\/19 que fue firmado por el presidente Mauricio Macri y que reduce las indemnizaciones por invalidez resultantes de accidentes de trabajo. La presentaci\u00f3n judicial la hab\u00eda hecho el periodista Miguel \u00c1ngel \u00abTit\u00ed\u00bb Fern\u00e1ndez contra TyC Sports y Fox&hellip;<\/p>\n","protected":false},"author":1,"featured_media":90347,"comment_status":"open","ping_status":"open","sticky":false,"template":"","format":"standard","meta":{"footnotes":""},"categories":[20],"tags":[2187,26809,76,7933],"class_list":["post-90346","post","type-post","status-publish","format-standard","has-post-thumbnail","hentry","category-judiciales","tag-dnu","tag-fox-sports","tag-mauricio-macri","tag-tyc-sports"],"_links":{"self":[{"href":"https:\/\/www.elsindical.com.ar\/notas\/wp-json\/wp\/v2\/posts\/90346","targetHints":{"allow":["GET"]}}],"collection":[{"href":"https:\/\/www.elsindical.com.ar\/notas\/wp-json\/wp\/v2\/posts"}],"about":[{"href":"https:\/\/www.elsindical.com.ar\/notas\/wp-json\/wp\/v2\/types\/post"}],"author":[{"embeddable":true,"href":"https:\/\/www.elsindical.com.ar\/notas\/wp-json\/wp\/v2\/users\/1"}],"replies":[{"embeddable":true,"href":"https:\/\/www.elsindical.com.ar\/notas\/wp-json\/wp\/v2\/comments?post=90346"}],"version-history":[{"count":1,"href":"https:\/\/www.elsindical.com.ar\/notas\/wp-json\/wp\/v2\/posts\/90346\/revisions"}],"predecessor-version":[{"id":90348,"href":"https:\/\/www.elsindical.com.ar\/notas\/wp-json\/wp\/v2\/posts\/90346\/revisions\/90348"}],"wp:featuredmedia":[{"embeddable":true,"href":"https:\/\/www.elsindical.com.ar\/notas\/wp-json\/wp\/v2\/media\/90347"}],"wp:attachment":[{"href":"https:\/\/www.elsindical.com.ar\/notas\/wp-json\/wp\/v2\/media?parent=90346"}],"wp:term":[{"taxonomy":"category","embeddable":true,"href":"https:\/\/www.elsindical.com.ar\/notas\/wp-json\/wp\/v2\/categories?post=90346"},{"taxonomy":"post_tag","embeddable":true,"href":"https:\/\/www.elsindical.com.ar\/notas\/wp-json\/wp\/v2\/tags?post=90346"}],"curies":[{"name":"wp","href":"https:\/\/api.w.org\/{rel}","templated":true}]}}