{"id":90298,"date":"2019-10-06T16:17:45","date_gmt":"2019-10-06T19:17:45","guid":{"rendered":"http:\/\/www.elsindical.com.ar\/notas\/?p=90298"},"modified":"2019-10-06T16:17:45","modified_gmt":"2019-10-06T19:17:45","slug":"ventas-minoristas-cayeron-145-en-septiembre-segun-came","status":"publish","type":"post","link":"https:\/\/www.elsindical.com.ar\/notas\/ventas-minoristas-cayeron-145-en-septiembre-segun-came\/","title":{"rendered":"Ventas minoristas cayeron 14,5% en septiembre, seg\u00fan CAME"},"content":{"rendered":"\n<figure class=\"wp-block-image\"><img loading=\"lazy\" decoding=\"async\" width=\"620\" height=\"350\" src=\"http:\/\/www.elsindical.com.ar\/notas\/var\/www\/html\/notas\/wp-content\/uploads\/2016\/05\/ventas.jpg\" alt=\"\" class=\"wp-image-59158\" srcset=\"https:\/\/www.elsindical.com.ar\/notas\/var\/www\/html\/notas\/wp-content\/uploads\/2016\/05\/ventas.jpg 620w, https:\/\/www.elsindical.com.ar\/notas\/var\/www\/html\/notas\/wp-content\/uploads\/2016\/05\/ventas-300x169.jpg 300w, https:\/\/www.elsindical.com.ar\/notas\/var\/www\/html\/notas\/wp-content\/uploads\/2016\/05\/ventas-500x282.jpg 500w\" sizes=\"auto, (max-width: 620px) 100vw, 620px\" \/><\/figure>\n\n\n\n<p> La entidad consider\u00f3  que la ca\u00edda no fue m\u00e1s profunda gracias a las cuotas sin inter\u00e9s ya que  un tercio de los negocios no aument\u00f3 sus precios. <\/p>\n\n\n\n<p>Las<strong> ventas minoristas de las Peque\u00f1as y Medianas Empresas (Pymes) cayeron 14,5%<\/strong> en septiembre frente a igual mes del a\u00f1o pasado, seg\u00fan un informe elaborado por la CAME.<\/p>\n\n\n\n<p>De acuerdo con el organismo, la actividad en los comercios  arranc\u00f3 firme durante los primeros d\u00edas, pero el movimiento se fue  conteniendo desde la segunda semana.<\/p>\n\n\n\n<p>El dato positivo es que, si la comparaci\u00f3n se hace con respecto a  agosto, las ventas registraron un leve aumento del 2,1 por ciento,  aunque en lo que va del a\u00f1o hay un retroceso acumulado de casi 13 puntos  con respecto al mismo periodo del 2018.<\/p>\n\n\n\n<p><strong>Entre otras cosas, la CAME consider\u00f3 que la ca\u00edda no fue  m\u00e1s profunda gracias a las cuotas sin inter\u00e9s ya que un tercio de los  negocios no aument\u00f3 sus precios.<\/strong><\/p>\n\n\n\n<p>Sin embargo, el organismo precis\u00f3 que las ventas en locales al  p\u00fablico cayeron 15,3% anual, mientras que en la modalidad online lo  hicieron en un 9 por ciento.<\/p>\n\n\n\n<p>Los rubros m\u00e1s perjudicados fueron los de bazar y regalos;  electrodom\u00e9sticos, electr\u00f3nica, computaci\u00f3n y celulares; joyer\u00eda,  relojer\u00eda y bijouterie, y ferreter\u00eda, materiales el\u00e9ctricos y materiales  para la construcci\u00f3n.<\/p>\n\n\n\n<p>En tanto, los sectores con menos descenso de las ventas fueron los de  indumentaria; neum\u00e1ticos y repuestos para autos y motos; farmacias,  perfumer\u00eda y cosm\u00e9tica, y muebles, decoraci\u00f3n y textiles para el hogar.<\/p>\n\n\n\n<p>Por otra parte, el 38,7% de los comercios consultados esperan  que sus ventas aumenten en los pr\u00f3ximos meses, mientras que el 44,2 por  ciento cree que se van a mantener sin cambios y el restante piensa que  van a continuar cayendo.<\/p>\n\n\n\n<p>El relevamiento se realiz\u00f3 entre el lunes 30 de septiembre y el  viernes 4 de octubre e incluy\u00f3 un total de 1.100 comercios pymes de  Ciudad de Buenos Aires, Gran Buenos Aires, y el interior del pa\u00eds.<\/p>\n\n\n\n<p>Por \u00faltimo, la CAME se\u00f1al\u00f3 que, a pesar del clima electoral, los  negocios mantienen \u00abbuenas expectativas\u00bb para el pr\u00f3ximo D\u00eda de la  Madre.<\/p>\n","protected":false},"excerpt":{"rendered":"<p>La entidad consider\u00f3 que la ca\u00edda no fue m\u00e1s profunda gracias a las cuotas sin inter\u00e9s ya que un tercio de los negocios no aument\u00f3 sus precios. Las ventas minoristas de las Peque\u00f1as y Medianas Empresas (Pymes) cayeron 14,5% en septiembre frente a igual mes del a\u00f1o pasado, seg\u00fan un informe elaborado por la CAME.&hellip;<\/p>\n","protected":false},"author":1,"featured_media":59158,"comment_status":"open","ping_status":"open","sticky":false,"template":"","format":"standard","meta":{"footnotes":""},"categories":[9],"tags":[7187,16877,31654],"class_list":["post-90298","post","type-post","status-publish","format-standard","has-post-thumbnail","hentry","category-economia","tag-came","tag-pymes","tag-ventas-minoristas"],"_links":{"self":[{"href":"https:\/\/www.elsindical.com.ar\/notas\/wp-json\/wp\/v2\/posts\/90298","targetHints":{"allow":["GET"]}}],"collection":[{"href":"https:\/\/www.elsindical.com.ar\/notas\/wp-json\/wp\/v2\/posts"}],"about":[{"href":"https:\/\/www.elsindical.com.ar\/notas\/wp-json\/wp\/v2\/types\/post"}],"author":[{"embeddable":true,"href":"https:\/\/www.elsindical.com.ar\/notas\/wp-json\/wp\/v2\/users\/1"}],"replies":[{"embeddable":true,"href":"https:\/\/www.elsindical.com.ar\/notas\/wp-json\/wp\/v2\/comments?post=90298"}],"version-history":[{"count":1,"href":"https:\/\/www.elsindical.com.ar\/notas\/wp-json\/wp\/v2\/posts\/90298\/revisions"}],"predecessor-version":[{"id":90299,"href":"https:\/\/www.elsindical.com.ar\/notas\/wp-json\/wp\/v2\/posts\/90298\/revisions\/90299"}],"wp:featuredmedia":[{"embeddable":true,"href":"https:\/\/www.elsindical.com.ar\/notas\/wp-json\/wp\/v2\/media\/59158"}],"wp:attachment":[{"href":"https:\/\/www.elsindical.com.ar\/notas\/wp-json\/wp\/v2\/media?parent=90298"}],"wp:term":[{"taxonomy":"category","embeddable":true,"href":"https:\/\/www.elsindical.com.ar\/notas\/wp-json\/wp\/v2\/categories?post=90298"},{"taxonomy":"post_tag","embeddable":true,"href":"https:\/\/www.elsindical.com.ar\/notas\/wp-json\/wp\/v2\/tags?post=90298"}],"curies":[{"name":"wp","href":"https:\/\/api.w.org\/{rel}","templated":true}]}}