{"id":90286,"date":"2019-10-05T06:40:59","date_gmt":"2019-10-05T09:40:59","guid":{"rendered":"http:\/\/www.elsindical.com.ar\/notas\/?p=90286"},"modified":"2019-10-05T06:40:59","modified_gmt":"2019-10-05T09:40:59","slug":"los-pilotos-levantaron-el-paro-en-aerolineas-y-austral-previsto-para-este-fin-de-semana","status":"publish","type":"post","link":"https:\/\/www.elsindical.com.ar\/notas\/los-pilotos-levantaron-el-paro-en-aerolineas-y-austral-previsto-para-este-fin-de-semana\/","title":{"rendered":"Los pilotos levantaron el paro en Aerol\u00edneas y Austral previsto para este fin de semana"},"content":{"rendered":"\n<figure class=\"wp-block-image\"><img loading=\"lazy\" decoding=\"async\" width=\"956\" height=\"570\" src=\"http:\/\/www.elsindical.com.ar\/notas\/var\/www\/html\/notas\/wp-content\/uploads\/2019\/10\/paro-pilotos-Aerol\u00edneas.jpg\" alt=\"\" class=\"wp-image-90287\" srcset=\"https:\/\/www.elsindical.com.ar\/notas\/var\/www\/html\/notas\/wp-content\/uploads\/2019\/10\/paro-pilotos-Aerol\u00edneas.jpg 956w, https:\/\/www.elsindical.com.ar\/notas\/var\/www\/html\/notas\/wp-content\/uploads\/2019\/10\/paro-pilotos-Aerol\u00edneas-300x179.jpg 300w, https:\/\/www.elsindical.com.ar\/notas\/var\/www\/html\/notas\/wp-content\/uploads\/2019\/10\/paro-pilotos-Aerol\u00edneas-768x458.jpg 768w, https:\/\/www.elsindical.com.ar\/notas\/var\/www\/html\/notas\/wp-content\/uploads\/2019\/10\/paro-pilotos-Aerol\u00edneas-500x298.jpg 500w\" sizes=\"auto, (max-width: 956px) 100vw, 956px\" \/><\/figure>\n\n\n\n<p class=\"wp-block-paragraph\"> En una nueva reuni\u00f3n  en el Ministerio de Trabajo con los delegados de los sindicatos de  pilotos se destrab\u00f3 la situaci\u00f3n que termin\u00f3 con la medida de fuerza y  habr\u00e1 vuelos s\u00e1bado y domingo. <\/p>\n\n\n\n<p class=\"wp-block-paragraph\">Los <strong>pilotos de Aerol\u00edneas Argentinas y Austral levantaron el paro y habr\u00e1 vuelos el fin de semana<\/strong>, seg\u00fan confirm\u00f3 el titular de la Asociaci\u00f3n de Pilotos de L\u00edneas A\u00e9reas (APLA), Pablo Biro.\u00a0\u00a0<\/p>\n\n\n\n<p class=\"wp-block-paragraph\">El <strong>Gobierno mantuvo en la noche del viernes negociaciones con el gremios de pilotos<\/strong> de l\u00edneas a\u00e9reas y se logr\u00f3 evitar, al menos por ahora, la medida de fuerza.\u00a0\u00a0<\/p>\n\n\n\n<p class=\"wp-block-paragraph\"><strong>\u00abSuspendemos la medida de fuerza s\u00f3lo porque un funcionario  de la Secretar\u00eda de Trabajo se puso como garant\u00eda en las negociaciones  que estamos llevando adelante\u00bb<\/strong>, explic\u00f3 Biro luego de la reuni\u00f3n con el Gobierno.\u00a0\u00a0<\/p>\n\n\n\n<p class=\"wp-block-paragraph\">\u00abSuspendemos la movida de fuerza, que igual podemos implementar la  semana que viene, todav\u00eda no hay ning\u00fan acuerdo\u00bb, agreg\u00f3 Biro.<\/p>\n\n\n\n<p class=\"wp-block-paragraph\"><strong>El lunes ambos sindicatos volver\u00e1n a reunirse<\/strong> con la\n empresa para negociar su paritaria. \u201cEsto es una muestra de buena \nvoluntad que los trabajadores mostramos una vez m\u00e1s\u201d, agreg\u00f3 Bir\u00f3.<\/p>\n","protected":false},"excerpt":{"rendered":"<p>En una nueva reuni\u00f3n en el Ministerio de Trabajo con los delegados de los sindicatos de pilotos se destrab\u00f3 la situaci\u00f3n que termin\u00f3 con la medida de fuerza y habr\u00e1 vuelos s\u00e1bado y domingo. Los pilotos de Aerol\u00edneas Argentinas y Austral levantaron el paro y habr\u00e1 vuelos el fin de semana, seg\u00fan confirm\u00f3 el titular&hellip;<\/p>\n","protected":false},"author":1,"featured_media":90287,"comment_status":"open","ping_status":"open","sticky":false,"template":"","format":"standard","meta":{"footnotes":""},"categories":[16],"tags":[3051,8001,4459,31651,31650],"class_list":["post-90286","post","type-post","status-publish","format-standard","has-post-thumbnail","hentry","category-gremiales","tag-aerolineas-argentinas","tag-apla","tag-austral","tag-pablo-biro-2","tag-paro-pilotos"],"_links":{"self":[{"href":"https:\/\/www.elsindical.com.ar\/notas\/wp-json\/wp\/v2\/posts\/90286","targetHints":{"allow":["GET"]}}],"collection":[{"href":"https:\/\/www.elsindical.com.ar\/notas\/wp-json\/wp\/v2\/posts"}],"about":[{"href":"https:\/\/www.elsindical.com.ar\/notas\/wp-json\/wp\/v2\/types\/post"}],"author":[{"embeddable":true,"href":"https:\/\/www.elsindical.com.ar\/notas\/wp-json\/wp\/v2\/users\/1"}],"replies":[{"embeddable":true,"href":"https:\/\/www.elsindical.com.ar\/notas\/wp-json\/wp\/v2\/comments?post=90286"}],"version-history":[{"count":1,"href":"https:\/\/www.elsindical.com.ar\/notas\/wp-json\/wp\/v2\/posts\/90286\/revisions"}],"predecessor-version":[{"id":90288,"href":"https:\/\/www.elsindical.com.ar\/notas\/wp-json\/wp\/v2\/posts\/90286\/revisions\/90288"}],"wp:featuredmedia":[{"embeddable":true,"href":"https:\/\/www.elsindical.com.ar\/notas\/wp-json\/wp\/v2\/media\/90287"}],"wp:attachment":[{"href":"https:\/\/www.elsindical.com.ar\/notas\/wp-json\/wp\/v2\/media?parent=90286"}],"wp:term":[{"taxonomy":"category","embeddable":true,"href":"https:\/\/www.elsindical.com.ar\/notas\/wp-json\/wp\/v2\/categories?post=90286"},{"taxonomy":"post_tag","embeddable":true,"href":"https:\/\/www.elsindical.com.ar\/notas\/wp-json\/wp\/v2\/tags?post=90286"}],"curies":[{"name":"wp","href":"https:\/\/api.w.org\/{rel}","templated":true}]}}