{"id":9026,"date":"2010-08-28T00:47:58","date_gmt":"2010-08-28T03:47:58","guid":{"rendered":"http:\/\/www.elsindical.com.ar\/notas\/?p=9026"},"modified":"2010-08-28T21:07:20","modified_gmt":"2010-08-29T00:07:20","slug":"jose-leon-suarezvecinos-organizados-marcharon-reclamando-seguridad","status":"publish","type":"post","link":"https:\/\/www.elsindical.com.ar\/notas\/jose-leon-suarezvecinos-organizados-marcharon-reclamando-seguridad\/","title":{"rendered":"Jos\u00e9 Le\u00f3n Su\u00e1rez:Vecinos organizados marcharon reclamando seguridad"},"content":{"rendered":"<p style=\"text-align: justify;\">\u00a0<a href=\"http:\/\/www.elsindical.com.ar\/notas\/var\/www\/html\/notas\/wp-content\/uploads\/2010\/08\/vecinos-reclamos-insegurida.jpg\"><img loading=\"lazy\" decoding=\"async\" class=\"alignleft size-medium wp-image-9027\" title=\"vecinos-reclamos-insegurida\" src=\"http:\/\/www.elsindical.com.ar\/notas\/var\/www\/html\/notas\/wp-content\/uploads\/2010\/08\/vecinos-reclamos-insegurida-300x225.jpg\" alt=\"\" width=\"300\" height=\"225\" srcset=\"https:\/\/www.elsindical.com.ar\/notas\/var\/www\/html\/notas\/wp-content\/uploads\/2010\/08\/vecinos-reclamos-insegurida-300x225.jpg 300w, https:\/\/www.elsindical.com.ar\/notas\/var\/www\/html\/notas\/wp-content\/uploads\/2010\/08\/vecinos-reclamos-insegurida.jpg 413w\" sizes=\"auto, (max-width: 300px) 100vw, 300px\" \/><\/a> <em>Vecinos de la localidad de Jos\u00e9 Le\u00f3n Su\u00e1rez, partido de San Mart\u00edn, en zona norte, marcharon por la noche del viernes, reclamando a las autoridades pol\u00edticas medidas serias para combatir la inseguridad que los rodea.<\/em><\/p>\n<p style=\"text-align: justify;\">Vecinos autocombocados, marcharon por las calles de sus barrios en reclamo de medidas de seguridad, ante la ola de delitos de los que vienen siendo v\u00edctimas, sin que la polic\u00eda pueda dar respuestas a la inseguridad reinante.<\/p>\n<p style=\"text-align: justify;\">El reclamo es por mejorar las medidas preventivas que permita a todos volver a vivir con tranquilidad.<\/p>\n<p style=\"text-align: justify;\"><strong><em>Fotograf\u00eda: Juan Carlos<\/em><\/strong><\/p>\n","protected":false},"excerpt":{"rendered":"<p>\u00a0 Vecinos de la localidad de Jos\u00e9 Le\u00f3n Su\u00e1rez, partido de San Mart\u00edn, en zona norte, marcharon por la noche del viernes, reclamando a las autoridades pol\u00edticas medidas serias para combatir la inseguridad que los rodea. Vecinos autocombocados, marcharon por las calles de sus barrios en reclamo de medidas de seguridad, ante la ola de&hellip;<\/p>\n","protected":false},"author":1,"featured_media":0,"comment_status":"open","ping_status":"open","sticky":false,"template":"","format":"standard","meta":{"footnotes":""},"categories":[25],"tags":[984,4398,156,30,986],"class_list":["post-9026","post","type-post","status-publish","format-standard","hentry","category-sociedad","tag-inseguridad","tag-jose-leon-suarez","tag-marcha","tag-policia","tag-vecinos"],"_links":{"self":[{"href":"https:\/\/www.elsindical.com.ar\/notas\/wp-json\/wp\/v2\/posts\/9026","targetHints":{"allow":["GET"]}}],"collection":[{"href":"https:\/\/www.elsindical.com.ar\/notas\/wp-json\/wp\/v2\/posts"}],"about":[{"href":"https:\/\/www.elsindical.com.ar\/notas\/wp-json\/wp\/v2\/types\/post"}],"author":[{"embeddable":true,"href":"https:\/\/www.elsindical.com.ar\/notas\/wp-json\/wp\/v2\/users\/1"}],"replies":[{"embeddable":true,"href":"https:\/\/www.elsindical.com.ar\/notas\/wp-json\/wp\/v2\/comments?post=9026"}],"version-history":[{"count":2,"href":"https:\/\/www.elsindical.com.ar\/notas\/wp-json\/wp\/v2\/posts\/9026\/revisions"}],"predecessor-version":[{"id":9029,"href":"https:\/\/www.elsindical.com.ar\/notas\/wp-json\/wp\/v2\/posts\/9026\/revisions\/9029"}],"wp:attachment":[{"href":"https:\/\/www.elsindical.com.ar\/notas\/wp-json\/wp\/v2\/media?parent=9026"}],"wp:term":[{"taxonomy":"category","embeddable":true,"href":"https:\/\/www.elsindical.com.ar\/notas\/wp-json\/wp\/v2\/categories?post=9026"},{"taxonomy":"post_tag","embeddable":true,"href":"https:\/\/www.elsindical.com.ar\/notas\/wp-json\/wp\/v2\/tags?post=9026"}],"curies":[{"name":"wp","href":"https:\/\/api.w.org\/{rel}","templated":true}]}}