{"id":90218,"date":"2019-10-02T09:05:28","date_gmt":"2019-10-02T12:05:28","guid":{"rendered":"http:\/\/www.elsindical.com.ar\/notas\/?p=90218"},"modified":"2019-10-02T09:07:26","modified_gmt":"2019-10-02T12:07:26","slug":"patota-ataco-con-palos-y-cadenas-a-alumnos-de-un-colegio-de-caballito","status":"publish","type":"post","link":"https:\/\/www.elsindical.com.ar\/notas\/patota-ataco-con-palos-y-cadenas-a-alumnos-de-un-colegio-de-caballito\/","title":{"rendered":"Patota atac\u00f3 con palos y cadenas a alumnos de un colegio de Caballito"},"content":{"rendered":"\n<figure class=\"wp-block-image\"><img loading=\"lazy\" decoding=\"async\" width=\"591\" height=\"385\" src=\"http:\/\/www.elsindical.com.ar\/notas\/var\/www\/html\/notas\/wp-content\/uploads\/2019\/10\/ataque-a-alumnos-Santa-Mar\u00eda-de-Caballito.jpg\" alt=\"\" class=\"wp-image-90219\" srcset=\"https:\/\/www.elsindical.com.ar\/notas\/var\/www\/html\/notas\/wp-content\/uploads\/2019\/10\/ataque-a-alumnos-Santa-Mar\u00eda-de-Caballito.jpg 591w, https:\/\/www.elsindical.com.ar\/notas\/var\/www\/html\/notas\/wp-content\/uploads\/2019\/10\/ataque-a-alumnos-Santa-Mar\u00eda-de-Caballito-300x195.jpg 300w, https:\/\/www.elsindical.com.ar\/notas\/var\/www\/html\/notas\/wp-content\/uploads\/2019\/10\/ataque-a-alumnos-Santa-Mar\u00eda-de-Caballito-461x300.jpg 461w\" sizes=\"auto, (max-width: 591px) 100vw, 591px\" \/><\/figure>\n\n\n\n<p> Dos estudiantes  resultaron heridos y uno de ellos fue trasladado a un hospital con una  herida grave en uno de sus ojos. Tras el ataque, personal policial se  encuentra en el establecimiento como medida ante un posible nuevo  ataque. <\/p>\n\n\n\n<p>Un grupo de alumnos del colegio <strong>Santa Mar\u00eda de Caballito<\/strong> fue agredido por una patota con palos y cadenas.<\/p>\n\n\n\n<p>Dos estudiantes resultaron heridos y <strong>el hecho fue registrado por un vecino de la zona<\/strong>, que luego difundi\u00f3 las im\u00e1genes.<\/p>\n\n\n\n<p>El ataque fue despu\u00e9s del mediod\u00eda, cuando los alumnos sal\u00edan del  colegio ubicado en Senillosa al 500. Los agresores se re\u00fanen  habitualmente en el Parque Rivadavia, a donde tambi\u00e9n van los chicos  agredidos.<\/p>\n\n\n\n<p><strong>Las primeras versiones indican que ambos grupos protagonizaron d\u00edas atr\u00e1s una pelea<\/strong> y la agresi\u00f3n de ayer habr\u00eda sido en respuesta al cruce anterior.<\/p>\n\n\n\n<p>La banda se acerc\u00f3 al colegio, esper\u00f3 a los alumnos en la puerta y \ncuando los chicos salieron comenzaron a golpearlos con pu\u00f1os, palos y \ncadenas. <strong>Dos estudiantes resultaron heridos y uno de ellos fue trasladado a un hospital con una herida grave en uno de sus ojos.<\/strong><\/p>\n\n\n\n<p>Tras el ataque, los agresores escaparon y amenazaron con volver. <strong>La polic\u00eda tiene identificado a uno de los integrantes de la banda<\/strong>, quien ser\u00eda el que le caus\u00f3 la herida al estudiante en el ojo y habr\u00eda planeado la agresi\u00f3n a trav\u00e9s de Facebook.<\/p>\n","protected":false},"excerpt":{"rendered":"<p>Dos estudiantes resultaron heridos y uno de ellos fue trasladado a un hospital con una herida grave en uno de sus ojos. Tras el ataque, personal policial se encuentra en el establecimiento como medida ante un posible nuevo ataque. Un grupo de alumnos del colegio Santa Mar\u00eda de Caballito fue agredido por una patota con&hellip;<\/p>\n","protected":false},"author":1,"featured_media":90219,"comment_status":"open","ping_status":"open","sticky":false,"template":"","format":"standard","meta":{"footnotes":""},"categories":[22],"tags":[31627,31628,3648],"class_list":["post-90218","post","type-post","status-publish","format-standard","has-post-thumbnail","hentry","category-policiales","tag-ataque-a-alumnos","tag-colegio-santa-maria-de-caballito","tag-patota"],"_links":{"self":[{"href":"https:\/\/www.elsindical.com.ar\/notas\/wp-json\/wp\/v2\/posts\/90218","targetHints":{"allow":["GET"]}}],"collection":[{"href":"https:\/\/www.elsindical.com.ar\/notas\/wp-json\/wp\/v2\/posts"}],"about":[{"href":"https:\/\/www.elsindical.com.ar\/notas\/wp-json\/wp\/v2\/types\/post"}],"author":[{"embeddable":true,"href":"https:\/\/www.elsindical.com.ar\/notas\/wp-json\/wp\/v2\/users\/1"}],"replies":[{"embeddable":true,"href":"https:\/\/www.elsindical.com.ar\/notas\/wp-json\/wp\/v2\/comments?post=90218"}],"version-history":[{"count":1,"href":"https:\/\/www.elsindical.com.ar\/notas\/wp-json\/wp\/v2\/posts\/90218\/revisions"}],"predecessor-version":[{"id":90220,"href":"https:\/\/www.elsindical.com.ar\/notas\/wp-json\/wp\/v2\/posts\/90218\/revisions\/90220"}],"wp:featuredmedia":[{"embeddable":true,"href":"https:\/\/www.elsindical.com.ar\/notas\/wp-json\/wp\/v2\/media\/90219"}],"wp:attachment":[{"href":"https:\/\/www.elsindical.com.ar\/notas\/wp-json\/wp\/v2\/media?parent=90218"}],"wp:term":[{"taxonomy":"category","embeddable":true,"href":"https:\/\/www.elsindical.com.ar\/notas\/wp-json\/wp\/v2\/categories?post=90218"},{"taxonomy":"post_tag","embeddable":true,"href":"https:\/\/www.elsindical.com.ar\/notas\/wp-json\/wp\/v2\/tags?post=90218"}],"curies":[{"name":"wp","href":"https:\/\/api.w.org\/{rel}","templated":true}]}}