{"id":90212,"date":"2019-10-02T01:17:12","date_gmt":"2019-10-02T04:17:12","guid":{"rendered":"http:\/\/www.elsindical.com.ar\/notas\/?p=90212"},"modified":"2019-10-02T01:40:31","modified_gmt":"2019-10-02T04:40:31","slug":"gerli-inseguro-recargado","status":"publish","type":"post","link":"https:\/\/www.elsindical.com.ar\/notas\/gerli-inseguro-recargado\/","title":{"rendered":"Gerli inseguro, recargado"},"content":{"rendered":"\n<figure class=\"wp-block-image\"><img loading=\"lazy\" decoding=\"async\" width=\"635\" height=\"530\" src=\"http:\/\/www.elsindical.com.ar\/notas\/var\/www\/html\/notas\/wp-content\/uploads\/2019\/10\/auto-robado-de-Gerli.jpg\" alt=\"\" class=\"wp-image-90213\" srcset=\"https:\/\/www.elsindical.com.ar\/notas\/var\/www\/html\/notas\/wp-content\/uploads\/2019\/10\/auto-robado-de-Gerli.jpg 635w, https:\/\/www.elsindical.com.ar\/notas\/var\/www\/html\/notas\/wp-content\/uploads\/2019\/10\/auto-robado-de-Gerli-300x250.jpg 300w, https:\/\/www.elsindical.com.ar\/notas\/var\/www\/html\/notas\/wp-content\/uploads\/2019\/10\/auto-robado-de-Gerli-359x300.jpg 359w\" sizes=\"auto, (max-width: 635px) 100vw, 635px\" \/><\/figure>\n\n\n\n<p>  <a href=\"http:\/\/www.elsindical.com.ar\/notas\/gerli-inseguro-vecinos-cansados-de-las-promesas\/\">A horas de la editorial sobre la creciente inseguridad en Gerli<\/a>, una nueva v\u00edctima de inseguridad vivi\u00f3 con p\u00e1nico los hechos, cuando delincuentes en una violenta entradera se robaron el auto de la familia.<\/p>\n\n\n\n<p>El nuevo robo se cometi\u00f3 en una zona donde ya los vecinos hace a\u00f1os han incluso publicado videos de la venta callejera de drogas y el consumo, lo que atrae a delincuentes de otros barrios que no dudan en asaltar a los vecinos.<\/p>\n\n\n\n<p>Han pasado varios jefes policiales por la comisar\u00eda 6ta sin mejores resultados, en cuanto a la detenci\u00f3n de los autores de los delitos, pero no menos cierto y desconocido por los vecinos es que la prevenci\u00f3n y el patrullaje es trabajo del Comando de Patrullas de Avellaneda, que con la finalidad de mejorar el trabajo, depende de la Jefatura Distrital Avellaneda, a cargo del Comisario Inspector Sergio Arga\u00f1ar\u00e1z.<\/p>\n\n\n\n<p>Dicho jefe policial, se ha reunido en distintas oportunidades con vecinos de Gerli, comprometi\u00e9ndose a mejorar el patrullaje, pero en los hechos solo ha sido una expresi\u00f3n de deseo, curiosamente los vecinos esperan mucho m\u00e1s de Arga\u00f1ar\u00e1z toda vez que el mismo es vecino de Gerli.<\/p>\n\n\n\n<p>El auto fue robada en las inmediaciones de la calle V\u00e9lez Sarfield al 1100 y los delincuentes armados huyeron por la calle Lafuente hasta doblar en Reconquista y perderse a la altura de la calle De La Serna, pasando los delincuentes por delante de la base de la Polic\u00eda Local de Heredia y Reconquista.<\/p>\n\n\n\n<p>En un crudo audio se puede escuchar en primera persona la desesperaci\u00f3n de la mujer pidiendo ayuda al grupo de WhatsApp, una medida que como todas las que adoptan los vecinos, c\u00e1maras y alarmas no son garant\u00eda de seguridad, porque la seguridad se construye con el compromiso de las autoridades, sin prevenci\u00f3n, sin el castigo de la justicia y la colaboraci\u00f3n de las autoridades pol\u00edticas poco \u00e9xito habr\u00e1 en mejorar la seguridad.<\/p>\n\n\n\n<p>Curiosamente como una iron\u00eda del destino, la mujer que fue v\u00edctima del robo, en el d\u00eda de hoy era una de las pocas invitadas a la Secretar\u00eda de Seguridad del municipio por M\u00f3nica Ghirelli.<\/p>\n\n\n\n<figure class=\"wp-block-image\"><img loading=\"lazy\" decoding=\"async\" width=\"1024\" height=\"626\" src=\"http:\/\/www.elsindical.com.ar\/notas\/var\/www\/html\/notas\/wp-content\/uploads\/2019\/10\/zona-robo-Gerli-1024x626.jpg\" alt=\"\" class=\"wp-image-90214\" srcset=\"https:\/\/www.elsindical.com.ar\/notas\/var\/www\/html\/notas\/wp-content\/uploads\/2019\/10\/zona-robo-Gerli-1024x626.jpg 1024w, https:\/\/www.elsindical.com.ar\/notas\/var\/www\/html\/notas\/wp-content\/uploads\/2019\/10\/zona-robo-Gerli-300x183.jpg 300w, https:\/\/www.elsindical.com.ar\/notas\/var\/www\/html\/notas\/wp-content\/uploads\/2019\/10\/zona-robo-Gerli-768x470.jpg 768w, https:\/\/www.elsindical.com.ar\/notas\/var\/www\/html\/notas\/wp-content\/uploads\/2019\/10\/zona-robo-Gerli-491x300.jpg 491w, https:\/\/www.elsindical.com.ar\/notas\/var\/www\/html\/notas\/wp-content\/uploads\/2019\/10\/zona-robo-Gerli.jpg 1212w\" sizes=\"auto, (max-width: 1024px) 100vw, 1024px\" \/><\/figure>\n\n\n\n<iframe id=\"audio_42499588\" frameborder=\"0\" allowfullscreen=\"\" scrolling=\"no\" height=\"200\" style=\"border:1px solid #EEE; box-sizing:border-box; width:100%;\" src=\"https:\/\/ar.ivoox.com\/es\/player_ej_42499588_4_1.html?c1=ff6600\"><\/iframe>\n\n\n\n<p>Por Marcelo Ricardo Hawrylciw<\/p>\n","protected":false},"excerpt":{"rendered":"<p>A horas de la editorial sobre la creciente inseguridad en Gerli, una nueva v\u00edctima de inseguridad vivi\u00f3 con p\u00e1nico los hechos, cuando delincuentes en una violenta entradera se robaron el auto de la familia. El nuevo robo se cometi\u00f3 en una zona donde ya los vecinos hace a\u00f1os han incluso publicado videos de la venta&hellip;<\/p>\n","protected":false},"author":1,"featured_media":90213,"comment_status":"open","ping_status":"open","sticky":false,"template":"","format":"standard","meta":{"footnotes":""},"categories":[10],"tags":[1050,1662,116],"class_list":["post-90212","post","type-post","status-publish","format-standard","has-post-thumbnail","hentry","category-editorial","tag-auto","tag-gerli","tag-robo"],"_links":{"self":[{"href":"https:\/\/www.elsindical.com.ar\/notas\/wp-json\/wp\/v2\/posts\/90212","targetHints":{"allow":["GET"]}}],"collection":[{"href":"https:\/\/www.elsindical.com.ar\/notas\/wp-json\/wp\/v2\/posts"}],"about":[{"href":"https:\/\/www.elsindical.com.ar\/notas\/wp-json\/wp\/v2\/types\/post"}],"author":[{"embeddable":true,"href":"https:\/\/www.elsindical.com.ar\/notas\/wp-json\/wp\/v2\/users\/1"}],"replies":[{"embeddable":true,"href":"https:\/\/www.elsindical.com.ar\/notas\/wp-json\/wp\/v2\/comments?post=90212"}],"version-history":[{"count":3,"href":"https:\/\/www.elsindical.com.ar\/notas\/wp-json\/wp\/v2\/posts\/90212\/revisions"}],"predecessor-version":[{"id":90217,"href":"https:\/\/www.elsindical.com.ar\/notas\/wp-json\/wp\/v2\/posts\/90212\/revisions\/90217"}],"wp:featuredmedia":[{"embeddable":true,"href":"https:\/\/www.elsindical.com.ar\/notas\/wp-json\/wp\/v2\/media\/90213"}],"wp:attachment":[{"href":"https:\/\/www.elsindical.com.ar\/notas\/wp-json\/wp\/v2\/media?parent=90212"}],"wp:term":[{"taxonomy":"category","embeddable":true,"href":"https:\/\/www.elsindical.com.ar\/notas\/wp-json\/wp\/v2\/categories?post=90212"},{"taxonomy":"post_tag","embeddable":true,"href":"https:\/\/www.elsindical.com.ar\/notas\/wp-json\/wp\/v2\/tags?post=90212"}],"curies":[{"name":"wp","href":"https:\/\/api.w.org\/{rel}","templated":true}]}}