{"id":90098,"date":"2019-09-27T00:01:13","date_gmt":"2019-09-27T03:01:13","guid":{"rendered":"http:\/\/www.elsindical.com.ar\/notas\/?p=90098"},"modified":"2019-09-27T00:01:13","modified_gmt":"2019-09-27T03:01:13","slug":"quilmes-cerro-la-papelera-kimberly-clark-de-bernal-y-dejo-mas-de-200-trabajadores-en-la-calle","status":"publish","type":"post","link":"https:\/\/www.elsindical.com.ar\/notas\/quilmes-cerro-la-papelera-kimberly-clark-de-bernal-y-dejo-mas-de-200-trabajadores-en-la-calle\/","title":{"rendered":"Quilmes: Cerr\u00f3 la papelera Kimberly-Clark de Bernal y dej\u00f3 m\u00e1s de 200 trabajadores en la calle"},"content":{"rendered":"\n<figure class=\"wp-block-image\"><img loading=\"lazy\" decoding=\"async\" width=\"960\" height=\"540\" src=\"http:\/\/www.elsindical.com.ar\/notas\/var\/www\/html\/notas\/wp-content\/uploads\/2019\/09\/Kimberly-Clark.jpg\" alt=\"\" class=\"wp-image-90099\" srcset=\"https:\/\/www.elsindical.com.ar\/notas\/var\/www\/html\/notas\/wp-content\/uploads\/2019\/09\/Kimberly-Clark.jpg 960w, https:\/\/www.elsindical.com.ar\/notas\/var\/www\/html\/notas\/wp-content\/uploads\/2019\/09\/Kimberly-Clark-300x169.jpg 300w, https:\/\/www.elsindical.com.ar\/notas\/var\/www\/html\/notas\/wp-content\/uploads\/2019\/09\/Kimberly-Clark-768x432.jpg 768w, https:\/\/www.elsindical.com.ar\/notas\/var\/www\/html\/notas\/wp-content\/uploads\/2019\/09\/Kimberly-Clark-500x281.jpg 500w, https:\/\/www.elsindical.com.ar\/notas\/var\/www\/html\/notas\/wp-content\/uploads\/2019\/09\/Kimberly-Clark-460x260.jpg 460w\" sizes=\"auto, (max-width: 960px) 100vw, 960px\" \/><\/figure>\n\n\n\n<p> La dr\u00e1stica decisi\u00f3n de la compa\u00f1\u00eda  norteamericana se conoci\u00f3 ayer por la ma\u00f1ana y tom\u00f3 por sorpresa a los  trabajadores, que iniciaron una toma pac\u00edfica de la f\u00e1brica en defensa  de sus empleos. <\/p>\n\n\n\n<p>M\u00e1s de 200 trabajadores perder\u00e1n su fuente de trabajo tras el anuncio de cierre de la plata de Bernal perteneciente a la papelera<strong> Kimberly-Clark,<\/strong>  situaci\u00f3n que se conoci\u00f3 ayer por la ma\u00f1ana cuando directivos de la  firma comunicaron la dr\u00e1stica decisi\u00f3n que tom\u00f3 por sorpresa a los  empleados, quienes decidieron realizar una \u00abtoma pac\u00edfica\u00bb de la planta  para reclamar la continuidad de sus empleos.<\/p>\n\n\n\n<p>\u00ab<strong>Estoy destruido<\/strong>.  Entr\u00e9 a trabajar a los 18 a\u00f1os y hoy tengo 43, m\u00e1s de la mitad de mi  vida la pas\u00e9 en esta empresa. Todav\u00eda no caemos. Hay compa\u00f1eros que  tienen 37 a\u00f1os de f\u00e1brica. La mayor\u00eda con 20 de experiencia\u00bb, expres\u00f3 uno de los trabajadores damnificados.<\/p>\n\n\n\n<p>Cerca\n de las 11 de la ma\u00f1ana de este jueves, los principales directivos de la\n empresa, de capitales estadounidenses, juntaron a todo el personal e \ninformaron que se cerraba la planta de Bernal porque \u00abdaba p\u00e9rdida\u00bb y \n\u00abno era competitiva\u00bb. Asimismo, comunicaron que ese mismo d\u00eda se \npresentar\u00eda el procedimiento preventivo de crisis.<\/p>\n\n\n\n<p>Ante  esa situaci\u00f3n, los trabajadores reunidos en asamblea resolvieron ocupar  la f\u00e1brica \u00aben defensa de los puestos de trabajo\u00bb. \u00abNo hay nada  escrito. No dieron aviso a la Secretar\u00eda de Trabajo ni al sindicato. Nos  vamos a quedar en la planta porque no sabemos qu\u00e9 hay detr\u00e1s de todo  esto\u00bb, remarc\u00f3 Contreras, quien no descart\u00f3 un posible <strong>\u00abvaciamiento\u00bb.<\/strong><\/p>\n\n\n\n<p>\u00abEl\n lunes vamos a tener novedades. Representantes de la empresa se van a \nreunir con la Secretar\u00eda de Trabajo y delegados del gremio para arreglar\n el pago de las indemnizaciones. Pero nosotros queremos nuestros puestos\n de trabajo\u00bb, agreg\u00f3 el trabajador.<\/p>\n\n\n\n<p>En la planta de\n Bernal, ubicado en un predio industrial de la calle Espora N\u00b0 50, se \nfabricaban servilletas, papel higi\u00e9nico, papel para pa\u00f1ales, rollos de \ncocina y papel para productos faciales, entre otros. Entre las marcas \nque comercializa la empresa se encuentran los pa\u00f1ales Huggies, la l\u00ednea \nde toallas femeninas y tampones Kotex, el papel higi\u00e9nico Scott, los \npa\u00f1uelitos Kleenex y los pa\u00f1ales Plenitud.<\/p>\n\n\n\n<p>Kimberly-Clark tambi\u00e9n  tiene una planta en la localidad bonaerense de Pilar, dedicada a la  producci\u00f3n de productos de protecci\u00f3n femenina y para adulto, y otra en  la Provincia de San Luis.<\/p>\n\n\n\n<figure class=\"wp-block-image\"><img loading=\"lazy\" decoding=\"async\" width=\"960\" height=\"589\" src=\"http:\/\/www.elsindical.com.ar\/notas\/var\/www\/html\/notas\/wp-content\/uploads\/2019\/09\/Kimberly-Clark-despidos.jpg\" alt=\"\" class=\"wp-image-90100\" srcset=\"https:\/\/www.elsindical.com.ar\/notas\/var\/www\/html\/notas\/wp-content\/uploads\/2019\/09\/Kimberly-Clark-despidos.jpg 960w, https:\/\/www.elsindical.com.ar\/notas\/var\/www\/html\/notas\/wp-content\/uploads\/2019\/09\/Kimberly-Clark-despidos-300x184.jpg 300w, https:\/\/www.elsindical.com.ar\/notas\/var\/www\/html\/notas\/wp-content\/uploads\/2019\/09\/Kimberly-Clark-despidos-768x471.jpg 768w, https:\/\/www.elsindical.com.ar\/notas\/var\/www\/html\/notas\/wp-content\/uploads\/2019\/09\/Kimberly-Clark-despidos-489x300.jpg 489w\" sizes=\"auto, (max-width: 960px) 100vw, 960px\" \/><\/figure>\n","protected":false},"excerpt":{"rendered":"<p>La dr\u00e1stica decisi\u00f3n de la compa\u00f1\u00eda norteamericana se conoci\u00f3 ayer por la ma\u00f1ana y tom\u00f3 por sorpresa a los trabajadores, que iniciaron una toma pac\u00edfica de la f\u00e1brica en defensa de sus empleos. M\u00e1s de 200 trabajadores perder\u00e1n su fuente de trabajo tras el anuncio de cierre de la plata de Bernal perteneciente a la&hellip;<\/p>\n","protected":false},"author":1,"featured_media":90099,"comment_status":"open","ping_status":"open","sticky":false,"template":"","format":"standard","meta":{"footnotes":""},"categories":[28],"tags":[683,2258,31606,125],"class_list":["post-90098","post","type-post","status-publish","format-standard","has-post-thumbnail","hentry","category-empresariales","tag-bernal","tag-cierre","tag-kimberly-clark","tag-trabajadores"],"_links":{"self":[{"href":"https:\/\/www.elsindical.com.ar\/notas\/wp-json\/wp\/v2\/posts\/90098","targetHints":{"allow":["GET"]}}],"collection":[{"href":"https:\/\/www.elsindical.com.ar\/notas\/wp-json\/wp\/v2\/posts"}],"about":[{"href":"https:\/\/www.elsindical.com.ar\/notas\/wp-json\/wp\/v2\/types\/post"}],"author":[{"embeddable":true,"href":"https:\/\/www.elsindical.com.ar\/notas\/wp-json\/wp\/v2\/users\/1"}],"replies":[{"embeddable":true,"href":"https:\/\/www.elsindical.com.ar\/notas\/wp-json\/wp\/v2\/comments?post=90098"}],"version-history":[{"count":1,"href":"https:\/\/www.elsindical.com.ar\/notas\/wp-json\/wp\/v2\/posts\/90098\/revisions"}],"predecessor-version":[{"id":90101,"href":"https:\/\/www.elsindical.com.ar\/notas\/wp-json\/wp\/v2\/posts\/90098\/revisions\/90101"}],"wp:featuredmedia":[{"embeddable":true,"href":"https:\/\/www.elsindical.com.ar\/notas\/wp-json\/wp\/v2\/media\/90099"}],"wp:attachment":[{"href":"https:\/\/www.elsindical.com.ar\/notas\/wp-json\/wp\/v2\/media?parent=90098"}],"wp:term":[{"taxonomy":"category","embeddable":true,"href":"https:\/\/www.elsindical.com.ar\/notas\/wp-json\/wp\/v2\/categories?post=90098"},{"taxonomy":"post_tag","embeddable":true,"href":"https:\/\/www.elsindical.com.ar\/notas\/wp-json\/wp\/v2\/tags?post=90098"}],"curies":[{"name":"wp","href":"https:\/\/api.w.org\/{rel}","templated":true}]}}