{"id":90032,"date":"2019-09-24T21:28:54","date_gmt":"2019-09-25T00:28:54","guid":{"rendered":"http:\/\/www.elsindical.com.ar\/notas\/?p=90032"},"modified":"2019-09-24T21:28:54","modified_gmt":"2019-09-25T00:28:54","slug":"lanus-asesinan-a-un-hombre-en-pelea-y-la-familia-reclama-justicia","status":"publish","type":"post","link":"https:\/\/www.elsindical.com.ar\/notas\/lanus-asesinan-a-un-hombre-en-pelea-y-la-familia-reclama-justicia\/","title":{"rendered":"Lan\u00fas: Asesinan a un hombre en pelea y la familia reclama justicia"},"content":{"rendered":"\n<figure class=\"wp-block-image\"><img loading=\"lazy\" decoding=\"async\" width=\"502\" height=\"301\" src=\"http:\/\/www.elsindical.com.ar\/notas\/var\/www\/html\/notas\/wp-content\/uploads\/2012\/09\/Hospital-Evita-Lan\u00fas.jpg\" alt=\"\" class=\"wp-image-27834\" srcset=\"https:\/\/www.elsindical.com.ar\/notas\/var\/www\/html\/notas\/wp-content\/uploads\/2012\/09\/Hospital-Evita-Lan\u00fas.jpg 502w, https:\/\/www.elsindical.com.ar\/notas\/var\/www\/html\/notas\/wp-content\/uploads\/2012\/09\/Hospital-Evita-Lan\u00fas-300x179.jpg 300w\" sizes=\"auto, (max-width: 502px) 100vw, 502px\" \/><\/figure>\n\n\n\n<p>Sucedi\u00f3 en la localidad bonaerense de  Villa Diamante, y la v\u00edctima, de 42 a\u00f1os, mantuvo una violenta discusi\u00f3n  con un sujeto por una deuda. Familiares del individuo agredido\u00a0exigen  justicia.<\/p>\n\n\n\n<p>Funcionarios del departamento judicial de Lomas de Zamora se ocupan  de investigar el salvaje asesinato de un hombre, de 42 a\u00f1os, a quien le  atravesaron el cerebro con una varilla de metal, como saldo de una  violenta discusi\u00f3n que mantuvo con un individuo por una presunta deuda.  Un grupo de familiares de la v\u00edctima exigi\u00f3 justicia a ra\u00edz del horrendo  episodio. El tremendo suceso se registr\u00f3 en la localidad bonaerense de    Villa Diamante, en el partido de Lan\u00fas.\u00a0<\/p>\n\n\n\n<p>Al respecto, los voceros de los tribunales lomenses revelaron que la infortunada v\u00edctima fue identificada como<strong> Silvano Franco Mansilla<\/strong>, de 42 a\u00f1os.<\/p>\n\n\n\n<p>Trascendi\u00f3 que los hechos comenzaron el 12 de setiembre pasado en \npasaje Eva Per\u00f3n al 500, en el citado distrito, en el sur del conurbano \nprovincial, cuando<strong> Mansilla<\/strong> entabl\u00f3 una acalorada reyerta con el sujeto, a ra\u00edz de una supuesta deuda.<\/p>\n\n\n\n<p>Seg\u00fan se estableci\u00f3, el altercado finaliz\u00f3 en tragedia, porque el \nagresor se apoder\u00f3 de una varilla de metal que hab\u00eda en el lugar, con la\n que de inmediato le atraves\u00f3 el ojo izquierdo a su adversario, \nda\u00f1\u00e1ndole seriamente el cerebro.<\/p>\n\n\n\n<p>Momentos despu\u00e9s, el hombre, quien fue socorrido por uno de sus \nhermanos, tuvo que ser trasladado, de urgencia, a una sala de primeros \nauxilios en jurisdicci\u00f3n de Villa Caraza, en el sur del conurbano \nprovincial.<\/p>\n\n\n\n<p>De acuerdo a lo manifestado por los informantes, a las 20 del 16 de  setiembre, los m\u00e9dicos que se desempe\u00f1an en el Hospital Evita, en la  localidad bonaerense de Lan\u00fas, le diagnosticaron muerte cerebral a la  v\u00edctima, para de inmediato avisar de la situaci\u00f3n a las autoridades del  Centro \u00danico de Ablaci\u00f3n e Implante de la Provincia de Buenos Aires (CUCAIBA).<\/p>\n\n\n\n<p>Pesquisas policiales de la comisar\u00eda de Villa Diamante  (5\u00aa de Lan\u00fas) descartaron un intento de asalto, a la vez que realizan  diferentes procedimientos en dicha zona con el objetivo de esclarecer lo  ocurrido.<\/p>\n\n\n\n<p>Como consecuencia del episodio, los parientes de<strong> Mansilla <\/strong>reclamaron justicia y que el terrible caso, que origin\u00f3 consternaci\u00f3n, no quede en la impunidad.<\/p>\n","protected":false},"excerpt":{"rendered":"<p>Sucedi\u00f3 en la localidad bonaerense de Villa Diamante, y la v\u00edctima, de 42 a\u00f1os, mantuvo una violenta discusi\u00f3n con un sujeto por una deuda. Familiares del individuo agredido\u00a0exigen justicia. Funcionarios del departamento judicial de Lomas de Zamora se ocupan de investigar el salvaje asesinato de un hombre, de 42 a\u00f1os, a quien le atravesaron el&hellip;<\/p>\n","protected":false},"author":1,"featured_media":27834,"comment_status":"open","ping_status":"open","sticky":false,"template":"","format":"standard","meta":{"footnotes":""},"categories":[22],"tags":[39,31591,3262],"class_list":["post-90032","post","type-post","status-publish","format-standard","has-post-thumbnail","hentry","category-policiales","tag-asesinado","tag-silvano-franco-mansilla","tag-villa-diamante"],"_links":{"self":[{"href":"https:\/\/www.elsindical.com.ar\/notas\/wp-json\/wp\/v2\/posts\/90032","targetHints":{"allow":["GET"]}}],"collection":[{"href":"https:\/\/www.elsindical.com.ar\/notas\/wp-json\/wp\/v2\/posts"}],"about":[{"href":"https:\/\/www.elsindical.com.ar\/notas\/wp-json\/wp\/v2\/types\/post"}],"author":[{"embeddable":true,"href":"https:\/\/www.elsindical.com.ar\/notas\/wp-json\/wp\/v2\/users\/1"}],"replies":[{"embeddable":true,"href":"https:\/\/www.elsindical.com.ar\/notas\/wp-json\/wp\/v2\/comments?post=90032"}],"version-history":[{"count":1,"href":"https:\/\/www.elsindical.com.ar\/notas\/wp-json\/wp\/v2\/posts\/90032\/revisions"}],"predecessor-version":[{"id":90033,"href":"https:\/\/www.elsindical.com.ar\/notas\/wp-json\/wp\/v2\/posts\/90032\/revisions\/90033"}],"wp:featuredmedia":[{"embeddable":true,"href":"https:\/\/www.elsindical.com.ar\/notas\/wp-json\/wp\/v2\/media\/27834"}],"wp:attachment":[{"href":"https:\/\/www.elsindical.com.ar\/notas\/wp-json\/wp\/v2\/media?parent=90032"}],"wp:term":[{"taxonomy":"category","embeddable":true,"href":"https:\/\/www.elsindical.com.ar\/notas\/wp-json\/wp\/v2\/categories?post=90032"},{"taxonomy":"post_tag","embeddable":true,"href":"https:\/\/www.elsindical.com.ar\/notas\/wp-json\/wp\/v2\/tags?post=90032"}],"curies":[{"name":"wp","href":"https:\/\/api.w.org\/{rel}","templated":true}]}}