{"id":89999,"date":"2019-09-23T11:00:31","date_gmt":"2019-09-23T14:00:31","guid":{"rendered":"http:\/\/www.elsindical.com.ar\/notas\/?p=89999"},"modified":"2019-09-23T11:02:39","modified_gmt":"2019-09-23T14:02:39","slug":"avellaneda-nuevo-fracaso-politico-de-juntos-por-el-cambio","status":"publish","type":"post","link":"https:\/\/www.elsindical.com.ar\/notas\/avellaneda-nuevo-fracaso-politico-de-juntos-por-el-cambio\/","title":{"rendered":"Avellaneda: Nuevo fracaso pol\u00edtico de Juntos por el Cambio"},"content":{"rendered":"\n<figure class=\"wp-block-image\"><img loading=\"lazy\" decoding=\"async\" width=\"960\" height=\"720\" src=\"http:\/\/www.elsindical.com.ar\/notas\/var\/www\/html\/notas\/wp-content\/uploads\/2019\/09\/70710439_2311461309165572_7094498658242002944_n.jpg\" alt=\"\" class=\"wp-image-90000\" srcset=\"https:\/\/www.elsindical.com.ar\/notas\/var\/www\/html\/notas\/wp-content\/uploads\/2019\/09\/70710439_2311461309165572_7094498658242002944_n.jpg 960w, https:\/\/www.elsindical.com.ar\/notas\/var\/www\/html\/notas\/wp-content\/uploads\/2019\/09\/70710439_2311461309165572_7094498658242002944_n-300x225.jpg 300w, https:\/\/www.elsindical.com.ar\/notas\/var\/www\/html\/notas\/wp-content\/uploads\/2019\/09\/70710439_2311461309165572_7094498658242002944_n-768x576.jpg 768w, https:\/\/www.elsindical.com.ar\/notas\/var\/www\/html\/notas\/wp-content\/uploads\/2019\/09\/70710439_2311461309165572_7094498658242002944_n-400x300.jpg 400w\" sizes=\"auto, (max-width: 960px) 100vw, 960px\" \/><\/figure>\n\n\n\n<p>En un nuevo comunicado que el presidente de la UCR local Fernando Landaburu enviara a su difusor Marcelo Frecha, quien escogi\u00f3 el dinero de la pol\u00edtica por sobre continuar informando sin lucro a los vecinos, se pegan un tiro en el pie al mostrar el fracaso de cada propuesta que surge de Juntos por el Cambio.<\/p>\n\n\n\n<p>A continuaci\u00f3n el comunicado textual:<\/p>\n\n\n\n<p>Fernando Landaburu <\/p>\n\n\n\n<p> JORNADA SOBRE POL\u00cdTICAS PUBLICAS EDUCATIVAS.<\/p>\n\n\n\n<p> El s\u00e1bado convocados por la Comisi\u00f3n de Educaci\u00f3n y Cultura de Juntos por el Cambio de Avellaneda se reunieron docentes para charlar sobre educaci\u00f3n.<\/p>\n\n\n\n<p> Nos visit\u00f3 Diego Martinez (Vice Pte 1\u00ba del Consejo Gral de Educacion de la Pcia. de Bs. As.) .<\/p>\n\n\n\n<p>\n Tambi\u00e9n estuvieron presentes nuestros candidatos a concejales: Silvia \nDiana y Fernando Landaburu, los candidatos a Consejeros Escolares Andrea\n Ciquinho y Jorge Soriano, la C.Escolar Gabriela,Perez y el candidato a \nIntendente Luis Otero.<\/p>\n\n\n\n<p> La presentaci\u00f3n de la jornada fue \nrealizada por la prof. Monica Porto y la Lic. Ana Maria Valcarce, luego \nhablo Jorge Soriano, candidato a Consejero Escolar y la Consejera \nEscolar Gabriela Perez quien brindo una muy detallada explicacion de la \nsituacion en el distrito y propuestas a desarrollar,<\/p>\n\n\n\n<p> Diego \nMartinez conto los logros de la gestion de Maria E. Vidal en estos tres \na\u00f1os y medio, y luego hablaron los candidatos a Concejales, Silvia Diana\n y Fernando Landaburu, cerrando la actividad Luis Otero, candidato a \nIntendente.<\/p>\n\n\n\n<p><strong> Los docentes que asistieron pudieron hacer preguntas y  dialogar con las autoridades.\u00a1Muchas gracias a todos por haber  participado!<\/strong><\/p>\n\n\n\n<p>Es evidente por el comunicado que Fernando Landaburu es un mit\u00f3mano pol\u00edtico y un incapaz, con tan solo observar las fotos del \u00abevento\u00bb y descontamos los candidatos y pol\u00edticos, nos sobra una mano para los presentes, adem\u00e1s las \u00faltimas acciones en las que se vio envuelto Landaburu han generado repudio entre los vecinos y sin dudas les restar\u00e1 votos a los pocos obtenidos.<\/p>\n\n\n\n<ul class=\"wp-block-gallery columns-2 is-cropped wp-block-gallery-1 is-layout-flex wp-block-gallery-is-layout-flex\"><li class=\"blocks-gallery-item\"><figure><img loading=\"lazy\" decoding=\"async\" width=\"960\" height=\"720\" src=\"http:\/\/www.elsindical.com.ar\/notas\/var\/www\/html\/notas\/wp-content\/uploads\/2019\/09\/71182457_2311461295832240_1378089984052953088_n.jpg\" alt=\"\" data-id=\"90001\" data-link=\"http:\/\/www.elsindical.com.ar\/notas\/?attachment_id=90001#main\" class=\"wp-image-90001\" srcset=\"https:\/\/www.elsindical.com.ar\/notas\/var\/www\/html\/notas\/wp-content\/uploads\/2019\/09\/71182457_2311461295832240_1378089984052953088_n.jpg 960w, https:\/\/www.elsindical.com.ar\/notas\/var\/www\/html\/notas\/wp-content\/uploads\/2019\/09\/71182457_2311461295832240_1378089984052953088_n-300x225.jpg 300w, https:\/\/www.elsindical.com.ar\/notas\/var\/www\/html\/notas\/wp-content\/uploads\/2019\/09\/71182457_2311461295832240_1378089984052953088_n-768x576.jpg 768w, https:\/\/www.elsindical.com.ar\/notas\/var\/www\/html\/notas\/wp-content\/uploads\/2019\/09\/71182457_2311461295832240_1378089984052953088_n-400x300.jpg 400w\" sizes=\"auto, (max-width: 960px) 100vw, 960px\" \/><\/figure><\/li><li class=\"blocks-gallery-item\"><figure><img loading=\"lazy\" decoding=\"async\" width=\"960\" height=\"720\" src=\"http:\/\/www.elsindical.com.ar\/notas\/var\/www\/html\/notas\/wp-content\/uploads\/2019\/09\/71205831_2311461322498904_7178323663807053824_n.jpg\" alt=\"\" data-id=\"90002\" data-link=\"http:\/\/www.elsindical.com.ar\/notas\/?attachment_id=90002#main\" class=\"wp-image-90002\" srcset=\"https:\/\/www.elsindical.com.ar\/notas\/var\/www\/html\/notas\/wp-content\/uploads\/2019\/09\/71205831_2311461322498904_7178323663807053824_n.jpg 960w, https:\/\/www.elsindical.com.ar\/notas\/var\/www\/html\/notas\/wp-content\/uploads\/2019\/09\/71205831_2311461322498904_7178323663807053824_n-300x225.jpg 300w, https:\/\/www.elsindical.com.ar\/notas\/var\/www\/html\/notas\/wp-content\/uploads\/2019\/09\/71205831_2311461322498904_7178323663807053824_n-768x576.jpg 768w, https:\/\/www.elsindical.com.ar\/notas\/var\/www\/html\/notas\/wp-content\/uploads\/2019\/09\/71205831_2311461322498904_7178323663807053824_n-400x300.jpg 400w\" sizes=\"auto, (max-width: 960px) 100vw, 960px\" \/><\/figure><\/li><\/ul>\n\n\n\n<p>Por Marcelo Ricardo Hawrylciw<\/p>\n","protected":false},"excerpt":{"rendered":"<p>En un nuevo comunicado que el presidente de la UCR local Fernando Landaburu enviara a su difusor Marcelo Frecha, quien escogi\u00f3 el dinero de la pol\u00edtica por sobre continuar informando sin lucro a los vecinos, se pegan un tiro en el pie al mostrar el fracaso de cada propuesta que surge de Juntos por el&hellip;<\/p>\n","protected":false},"author":1,"featured_media":90000,"comment_status":"open","ping_status":"open","sticky":false,"template":"","format":"standard","meta":{"footnotes":""},"categories":[10],"tags":[31166,30672,17822,1826],"class_list":["post-89999","post","type-post","status-publish","format-standard","has-post-thumbnail","hentry","category-editorial","tag-juntos-por-el-cambio","tag-luis-otero","tag-marcelo-frecha","tag-ucr"],"_links":{"self":[{"href":"https:\/\/www.elsindical.com.ar\/notas\/wp-json\/wp\/v2\/posts\/89999","targetHints":{"allow":["GET"]}}],"collection":[{"href":"https:\/\/www.elsindical.com.ar\/notas\/wp-json\/wp\/v2\/posts"}],"about":[{"href":"https:\/\/www.elsindical.com.ar\/notas\/wp-json\/wp\/v2\/types\/post"}],"author":[{"embeddable":true,"href":"https:\/\/www.elsindical.com.ar\/notas\/wp-json\/wp\/v2\/users\/1"}],"replies":[{"embeddable":true,"href":"https:\/\/www.elsindical.com.ar\/notas\/wp-json\/wp\/v2\/comments?post=89999"}],"version-history":[{"count":1,"href":"https:\/\/www.elsindical.com.ar\/notas\/wp-json\/wp\/v2\/posts\/89999\/revisions"}],"predecessor-version":[{"id":90003,"href":"https:\/\/www.elsindical.com.ar\/notas\/wp-json\/wp\/v2\/posts\/89999\/revisions\/90003"}],"wp:featuredmedia":[{"embeddable":true,"href":"https:\/\/www.elsindical.com.ar\/notas\/wp-json\/wp\/v2\/media\/90000"}],"wp:attachment":[{"href":"https:\/\/www.elsindical.com.ar\/notas\/wp-json\/wp\/v2\/media?parent=89999"}],"wp:term":[{"taxonomy":"category","embeddable":true,"href":"https:\/\/www.elsindical.com.ar\/notas\/wp-json\/wp\/v2\/categories?post=89999"},{"taxonomy":"post_tag","embeddable":true,"href":"https:\/\/www.elsindical.com.ar\/notas\/wp-json\/wp\/v2\/tags?post=89999"}],"curies":[{"name":"wp","href":"https:\/\/api.w.org\/{rel}","templated":true}]}}